{"id":5488,"date":"2019-11-06T10:25:21","date_gmt":"2019-11-06T16:25:21","guid":{"rendered":"http:\/\/www.zonaroja.com.mx\/?p=5488"},"modified":"2019-11-06T10:25:23","modified_gmt":"2019-11-06T16:25:23","slug":"denuncian-corrupcion-al-interior-de-la-fiscalia-general-del-estado","status":"publish","type":"post","link":"https:\/\/zonaroja.com.mx\/?p=5488","title":{"rendered":"Denuncian corrupci\u00f3n al interior de la Fiscal\u00eda General del Estado"},"content":{"rendered":"\n<p>Redacci\u00f3n\/Zona Roja.<\/p>\n\n\n\n<p>Oaxaca de Ju\u00e1rez, Oax., \u201c\u00bfVan a\nentrevistarse con el fiscal del Estado?, cu\u00e1l es la ruta que han planteado\u201d. \u201cEstamos\nhablando en serio, no queremos hablar en la nada o que no nos hagan caso\u201d.<\/p>\n\n\n\n<p>As\u00ed respondi\u00f3 el director general del\nperi\u00f3dico \u201cEl Imparcial\u201d, Benjam\u00edn Fern\u00e1ndez Pichardo, en entrevista colectiva,\nluego de denunciar amenazas en contra de su corresponsal en la regi\u00f3n de la\nCosta.<\/p>\n\n\n\n<p>Manifest\u00f3 asimismo su desconfianza en\nla Fiscal\u00eda General del Estado, por lo que adem\u00e1s de haber interpuesto su queja\nante la Defensor\u00eda de los Derechos Humanos del Pueblo de Oaxaca, optar\u00edan por\nexigir justicia a la Fiscal\u00eda General de la Rep\u00fablica.<\/p>\n\n\n\n<p>\u201cLa corrupci\u00f3n est\u00e1 desde adentro, hay\nque tener cuidado, no puedes confiar ni en el Vicefiscal ni agentes de\nMinisterio P\u00fablico o judiciales que est\u00e1n coludidos, no solamente con el narco\nsino con la delincuencia\u201d, asegur\u00f3.<\/p>\n\n\n\n<p>Reiter\u00f3 que presentar\u00e1n su denuncia,\naunque \u201ccomo est\u00e1n las cosas\u201d duda que les hagan caso, por lo que hizo un\nllamado al gremio local para unirse y evitar que los periodistas sigan siendo\nv\u00edctima de la violencia en el estado.<\/p>\n\n\n\n<p>\u201cHan perdido credibilidad todas las autoridades y m\u00e1s por el momento que nos se\u00f1alan de chairos o fif\u00eds y que nos quitaron el bozal porque los estamos mordiendo\u201d, detall\u00f3.<\/p>\n\n\n\n<figure class=\"wp-block-embed-twitter wp-block-embed is-type-rich is-provider-twitter\"><div class=\"wp-block-embed__wrapper\">\n<div class=\"twitter-tweet\"><blockquote class=\"twitter-tweet\" data-lang=\"es\"><p lang=\"es\" dir=\"ltr\"><a href=\"https:\/\/twitter.com\/hashtag\/OaxacaGris?src=hash&amp;ref_src=twsrc%5Etfw\">#OaxacaGris<\/a><br>Tras la conferencia de prensa, el director general de <a href=\"https:\/\/twitter.com\/ImparcialOaxaca?ref_src=twsrc%5Etfw\">@ImparcialOaxaca<\/a>, Benjam\u00edn Fern\u00e1ndez Pichardo, manifest\u00f3 su desconfianza en la <a href=\"https:\/\/twitter.com\/FISCALIA_GobOax?ref_src=twsrc%5Etfw\">@FISCALIA_GobOax<\/a>; denunci\u00f3 probable colusi\u00f3n de funcionarios con la delincuencia y agresores de periodistas. <a href=\"https:\/\/t.co\/rDYWBxmWHd\">pic.twitter.com\/rDYWBxmWHd<\/a><\/p>&mdash; Zona Roja Oaxaca (@MexRoja) <a href=\"https:\/\/twitter.com\/MexRoja\/status\/1191715432694272000?ref_src=twsrc%5Etfw\">5 de noviembre de 2019<\/a><\/blockquote><\/div>\n<\/div><\/figure>\n\n\n\n<p>Fern\u00e1ndez Pichardo no descart\u00f3 que las\nautoridades municipales de San Pedro Mixtepec est\u00e9n tambi\u00e9n coludidas con los\ngrupos criminales para apropiarse de las tierras comunales que cada vez con m\u00e1s\nfrecuencia se ponen a la venta para incrementar el desarrollo tur\u00edstico, sin\nembargo, no cuentan con la aprobaci\u00f3n de los propietarios leg\u00edtimos de los\nterrenos y hect\u00e1reas quienes est\u00e1n luchando por recuperarlas.<\/p>\n\n\n\n<p>De acuerdo con el directivo, pese a que\nlas amenazas no han sido directamente en su contra, tiene miedo ya que los\n\u201cgobern\u00edcolas\u201d de la zona no se tientan el coraz\u00f3n, sin embargo, el compromiso\ncon la gente que labora en la empresa es real por lo que decidieron hacer\np\u00fablico el caso.<\/p>\n\n\n\n<p>\u201cMiguel &#8211;el corresponsal en Puerto\nEscondido&#8211; tiene miedo, con eso te digo todo, ya veremos c\u00f3mo le vamos a hacer\nquiz\u00e1s lo llevaremos a M\u00e9xico, lo que me hace recordar cuando hace a\u00f1os fueron\nasesinados compa\u00f1eros en Salina Cruz por vendedores de migrantes y el resto de\nla redacci\u00f3n tuvimos que sacarla por helic\u00f3ptero\u201d, record\u00f3.<\/p>\n\n\n\n<p>TAMBI\u00c9N EDIL<\/p>\n\n\n\n<p>Por separado, el presidente municipal\nde San Felipe Jalapa de D\u00edaz, anunci\u00f3 que demandar\u00e1 penalmente al personal de\nla Fiscal\u00eda General del Estado de Oaxaca, tras su detenci\u00f3n el operativo del 24\nde octubre pasado y adem\u00e1s por robo de diversas pertenencias adem\u00e1s de dinero.<\/p>\n\n\n\n<p>\u201cNo soy delincuente, no soy un bandido,\nno soy una mala persona y siempre he actuado a favor de los desprotegidos y de\nlos m\u00e1s humildes\u201d, asegur\u00f3 Garc\u00eda Vel\u00e1zquez.<\/p>\n\n\n\n<p>Inform\u00f3 que este lunes acudi\u00f3 a la\nSecretar\u00eda General de Gobierno para que le repusieran su acreditaci\u00f3n de\nPresidente Municipal, ya que durante el operativo los agentes estatales de\ninvestigaci\u00f3n la sustrajeron, al igual que art\u00edculos personales y dinero en\nefectivo.<\/p>\n","protected":false},"excerpt":{"rendered":"<p>Redacci\u00f3n\/Zona Roja. Oaxaca de Ju\u00e1rez, Oax., \u201c\u00bfVan a entrevistarse con el fiscal del Estado?, cu\u00e1l&hellip;<\/p>\n","protected":false},"author":2,"featured_media":5489,"comment_status":"closed","ping_status":"open","sticky":false,"template":"","format":"standard","meta":{"_lmt_disableupdate":"","_lmt_disable":"","_jetpack_memberships_contains_paid_content":false,"footnotes":""},"categories":[109,47],"tags":[959,494,958],"class_list":["post-5488","post","type-post","status-publish","format-standard","has-post-thumbnail","hentry","category-minuto-a-minuto","category-zona-gris","tag-benjamin-fernandez-pichardo","tag-fiscalia-general-del-estado-de-oaxaca","tag-periodico-el-imparcial"],"jetpack_featured_media_url":"https:\/\/zonaroja.com.mx\/wp-content\/uploads\/2019\/11\/Benjam\u00edn-Fern\u00e1ndez-Pichardo.jpg","jetpack_sharing_enabled":true,"_links":{"self":[{"href":"https:\/\/zonaroja.com.mx\/index.php?rest_route=\/wp\/v2\/posts\/5488","targetHints":{"allow":["GET"]}}],"collection":[{"href":"https:\/\/zonaroja.com.mx\/index.php?rest_route=\/wp\/v2\/posts"}],"about":[{"href":"https:\/\/zonaroja.com.mx\/index.php?rest_route=\/wp\/v2\/types\/post"}],"author":[{"embeddable":true,"href":"https:\/\/zonaroja.com.mx\/index.php?rest_route=\/wp\/v2\/users\/2"}],"replies":[{"embeddable":true,"href":"https:\/\/zonaroja.com.mx\/index.php?rest_route=%2Fwp%2Fv2%2Fcomments&post=5488"}],"version-history":[{"count":1,"href":"https:\/\/zonaroja.com.mx\/index.php?rest_route=\/wp\/v2\/posts\/5488\/revisions"}],"predecessor-version":[{"id":5490,"href":"https:\/\/zonaroja.com.mx\/index.php?rest_route=\/wp\/v2\/posts\/5488\/revisions\/5490"}],"wp:featuredmedia":[{"embeddable":true,"href":"https:\/\/zonaroja.com.mx\/index.php?rest_route=\/wp\/v2\/media\/5489"}],"wp:attachment":[{"href":"https:\/\/zonaroja.com.mx\/index.php?rest_route=%2Fwp%2Fv2%2Fmedia&parent=5488"}],"wp:term":[{"taxonomy":"category","embeddable":true,"href":"https:\/\/zonaroja.com.mx\/index.php?rest_route=%2Fwp%2Fv2%2Fcategories&post=5488"},{"taxonomy":"post_tag","embeddable":true,"href":"https:\/\/zonaroja.com.mx\/index.php?rest_route=%2Fwp%2Fv2%2Ftags&post=5488"}],"curies":[{"name":"wp","href":"https:\/\/api.w.org\/{rel}","templated":true}]}}