{"id":54892,"date":"2023-05-04T12:30:00","date_gmt":"2023-05-04T17:30:00","guid":{"rendered":"http:\/\/www.zonaroja.com.mx\/?p=54892"},"modified":"2023-05-04T08:12:57","modified_gmt":"2023-05-04T13:12:57","slug":"revelan-que-hijo-de-amo-vive-en-residencia-de-funcionaria-de-la-jornada","status":"publish","type":"post","link":"https:\/\/zonaroja.com.mx\/?p=54892","title":{"rendered":"Revelan que hijo de AMO vive en residencia de funcionaria de \u201cLa Jornada\u201d"},"content":{"rendered":"\n<p>Redacci\u00f3n\/Zona Roja Cdmx.<\/p>\n\n\n\n<p>Ciudad de M\u00e9xico, a 4 de mayo de 2023.- Como sucedi\u00f3 con la denominada \u201cCasa Gris\u201d en Houston, este mi\u00e9rcoles se dio a conocer que a tras su regreso a M\u00e9xico, Jos\u00e9 Ram\u00f3n L\u00f3pez Beltr\u00e1n, hijo mayor del presidente de la Rep\u00fablica, Andr\u00e9s Manuel L\u00f3pez Obrador, ocupa en una zona residencial de Coyoac\u00e1n en la capital mexicana una nueva \u201cCasa Gris\u201d, de acuerdo con Mexicanos Contra la Corrupci\u00f3n y la Impunidad (MCCI).<\/p>\n\n\n\n<p>De acuerdo con documentos de la Sedena, el hijo mayor del mandatario federal estableci\u00f3 como su domicilio particular en la Ciudad de M\u00e9xico un inmueble que es propiedad de la asistente de la directora de \u201cLa Jornada\u201d, peri\u00f3dico af\u00edn al gobierno federal, el cual le ha otorgado contratos por m\u00e1s de 750 millones de pesos en lo que va del sexenio.<\/p>\n\n\n\n<p>De acuerdo con testimonios de vecinos, el Presidente ha visitado a la familia de su hijo mayor al menos una vez, y es f\u00e1cil identificar cuando los residentes se encuentran presentes, pues la calle se llena de camionetas del gobierno federal.<\/p>\n\n\n\n<p>El Presidente \u201cs\u00f3lo ha venido a verlos una vez. De hecho creo que hasta festejaron aqu\u00ed un cumplea\u00f1os del ni\u00f1o porque pusieron globos. Es muy f\u00e1cil saber cu\u00e1ndo est\u00e1n aqu\u00ed porque la calle se llena de camionetas blindadas\u201d, dijo uno de los residentes, quien asegur\u00f3 es com\u00fan ver al hijo del ejecutivo federal.<\/p>\n\n\n\n<p>Otros vecinos dijeron a los reporteros de MCCI que la familia L\u00f3pez se mud\u00f3 desde diciembre de 2022, poco despu\u00e9s de su regreso de Hosuton, Texas, donde tambi\u00e9n ocuparon una residencia que fue propiedad de un contratista de Pemex.<\/p>\n\n\n\n<p>MCCI expuso que los documentos del Ej\u00e9rcito son parte de la informaci\u00f3n difundida por el colectivo \u201cGuacamaya\u201d luego del hackeo del a\u00f1o pasado, y en ellos los reportes militares apuntan que Jos\u00e9 Ram\u00f3n y su esposa Carolyn Adams se establecieron en la colonia Copilco Universidad.<\/p>\n\n\n\n<p>El inmueble est\u00e1 registrado a nombre de Guillermina Aurea \u00c1lvarez Cadena, asistente de la directora general de la \u201cJornada\u201d, Carmen Lira Saade, con quien se sabe el presidente L\u00f3pez Obrador tiene un v\u00ednculo de compadrazgo, apunt\u00f3 el organismo civil.<\/p>\n\n\n\n<p>Personal de MCCI acudi\u00f3 el 22 de marzo a esta casa y descubri\u00f3 al hijo mayor del Presidente salir del inmueble para abordar una de las dos camionetas blindadas del gobierno federal, raz\u00f3n por la que Jos\u00e9 Ram\u00f3n les pidi\u00f3 retirarse de su \u201cdomicilio\u201d.<\/p>\n\n\n\n<p>\u201cEst\u00e1n en mi casa, \u00bfse pueden ir? V\u00e1yanse ya\u201d, expres\u00f3 Jos\u00e9 Ram\u00f3n en aquella ocasi\u00f3n, quien adem\u00e1s amag\u00f3 con llamar a la polic\u00eda.<\/p>\n\n\n\n<p>La propietaria oficial, Guillermina Aurea \u00c1lvarez Cadena, pag\u00f3 tres millones de pesos por la casa de poco m\u00e1s de 300 metros cuadrados, de acuerdo al Registro P\u00fablico de la Propiedad, \u00c1lvarez Cadena.<\/p>\n\n\n\n<p>Aunque los documentos se\u00f1alan como due\u00f1a a \u00c1lvarez Cadena, los habitantes de la zona indicaron que el inmueble es realmente ocupado por el hijo del Presidente.<\/p>\n\n\n\n<p>Apenas el 10 de marzo pasado, se difundieron otros documentos del Ej\u00e9rcito, en los que se revel\u00f3 que Jos\u00e9 Ram\u00f3n L\u00f3pez Beltr\u00e1n y Carolyn Adams, as\u00ed como uno de sus hijos, recibieron trato privilegiado en el Hospital Central Militar, donde se les aplic\u00f3 un tratamiento exclusivo contra el Covid-19.<\/p>\n\n\n\n<p>(Informaci\u00f3n de Infobae M\u00e9xico)<\/p>\n","protected":false},"excerpt":{"rendered":"<p>Redacci\u00f3n\/Zona Roja Cdmx. Ciudad de M\u00e9xico, a 4 de mayo de 2023.- Como sucedi\u00f3 con&hellip;<\/p>\n","protected":false},"author":2,"featured_media":54893,"comment_status":"closed","ping_status":"open","sticky":false,"template":"","format":"standard","meta":{"_lmt_disableupdate":"","_lmt_disable":"","_jetpack_memberships_contains_paid_content":false,"footnotes":""},"categories":[109,47],"tags":[143],"class_list":["post-54892","post","type-post","status-publish","format-standard","has-post-thumbnail","hentry","category-minuto-a-minuto","category-zona-gris","tag-andres-manuel-lopez-obrador"],"jetpack_featured_media_url":"https:\/\/zonaroja.com.mx\/wp-content\/uploads\/2023\/05\/Casa-Jose-ramon-Lopez-Beltran-Coyoacan.jpeg","jetpack_sharing_enabled":true,"_links":{"self":[{"href":"https:\/\/zonaroja.com.mx\/index.php?rest_route=\/wp\/v2\/posts\/54892","targetHints":{"allow":["GET"]}}],"collection":[{"href":"https:\/\/zonaroja.com.mx\/index.php?rest_route=\/wp\/v2\/posts"}],"about":[{"href":"https:\/\/zonaroja.com.mx\/index.php?rest_route=\/wp\/v2\/types\/post"}],"author":[{"embeddable":true,"href":"https:\/\/zonaroja.com.mx\/index.php?rest_route=\/wp\/v2\/users\/2"}],"replies":[{"embeddable":true,"href":"https:\/\/zonaroja.com.mx\/index.php?rest_route=%2Fwp%2Fv2%2Fcomments&post=54892"}],"version-history":[{"count":1,"href":"https:\/\/zonaroja.com.mx\/index.php?rest_route=\/wp\/v2\/posts\/54892\/revisions"}],"predecessor-version":[{"id":54894,"href":"https:\/\/zonaroja.com.mx\/index.php?rest_route=\/wp\/v2\/posts\/54892\/revisions\/54894"}],"wp:featuredmedia":[{"embeddable":true,"href":"https:\/\/zonaroja.com.mx\/index.php?rest_route=\/wp\/v2\/media\/54893"}],"wp:attachment":[{"href":"https:\/\/zonaroja.com.mx\/index.php?rest_route=%2Fwp%2Fv2%2Fmedia&parent=54892"}],"wp:term":[{"taxonomy":"category","embeddable":true,"href":"https:\/\/zonaroja.com.mx\/index.php?rest_route=%2Fwp%2Fv2%2Fcategories&post=54892"},{"taxonomy":"post_tag","embeddable":true,"href":"https:\/\/zonaroja.com.mx\/index.php?rest_route=%2Fwp%2Fv2%2Ftags&post=54892"}],"curies":[{"name":"wp","href":"https:\/\/api.w.org\/{rel}","templated":true}]}}