{"id":54895,"date":"2023-05-04T11:14:00","date_gmt":"2023-05-04T16:14:00","guid":{"rendered":"http:\/\/www.zonaroja.com.mx\/?p=54895"},"modified":"2023-05-04T08:15:45","modified_gmt":"2023-05-04T13:15:45","slug":"acuerdan-colaboracion-fiscalia-de-oaxaca-y-la-uabjo","status":"publish","type":"post","link":"https:\/\/zonaroja.com.mx\/?p=54895","title":{"rendered":"Acuerdan colaboraci\u00f3n Fiscal\u00eda de Oaxaca y la UABJO"},"content":{"rendered":"\n<p>Redacci\u00f3n\/Zona Roja.<\/p>\n\n\n\n<p>Oaxaca de Ju\u00e1rez, Oax., a 4 de mayo de 2023.- &nbsp;La colaboraci\u00f3n entre la academia y las instituciones gubernamentales contribuye al fortalecimiento profesional y social de la entidad, por lo que la Fiscal\u00eda General del Estado de Oaxaca (FGEO) estableci\u00f3 un acuerdo con la Universidad Aut\u00f3noma \u201cBenito Ju\u00e1rez\u201d de Oaxaca (UABJO), para impulsar programas y proyectos conjuntos de investigaci\u00f3n cient\u00edfica, tecnol\u00f3gica, desarrollo productivo, capacitaci\u00f3n y difusi\u00f3n en temas de inter\u00e9s mutuo.&nbsp;<\/p>\n\n\n\n<p>Durante el acto protocolario, el fiscal General, Bernardo Rodr\u00edguez Alamilla, y el rector de la UABJO, Cristian Carre\u00f1o L\u00f3pez, signaron el documento que establece las bases para el trabajo conjunto en beneficio de la sociedad oaxaque\u00f1a, as\u00ed como para la comunidad universitaria y la propia FGEO.<\/p>\n\n\n\n<p>Para la Fiscal\u00eda resulta fundamental establecer una vinculaci\u00f3n con las universidades y principalmente con la UABJO, puesto que es la instituci\u00f3n pilar en la formaci\u00f3n del recurso humano en la entidad, indic\u00f3 Rodr\u00edguez Alamilla.<\/p>\n\n\n\n<p>\u201cAgradezco al rector la apertura mostrada para la concreci\u00f3n de este acuerdo que sin duda permitir\u00e1 impulsar los conocimientos de las y los estudiantes, pero tambi\u00e9n, establecer un v\u00ednculo de cooperaci\u00f3n y trabajo coordinado entre la m\u00e1xima casa de estudios y la Fiscal\u00eda para beneficio de las y los profesionistas, as\u00ed como de la sociedad oaxaque\u00f1a\u201d, apunt\u00f3.<\/p>\n\n\n\n<p>Entre los objetivos de este acuerdo est\u00e1n el impulso de la capacitaci\u00f3n, consultor\u00eda y asesor\u00eda en \u00e1reas espec\u00edficas, as\u00ed como la contribuci\u00f3n en el pr\u00e9stamo de instalaciones para la impartici\u00f3n de cursos, talleres, capacitaci\u00f3n, asesor\u00edas, conferencias, seminarios o cualquier otro medio que beneficie a la formaci\u00f3n de profesionales de la comunidad de ambos sectores.<\/p>\n\n\n\n<p>Aunado a la formaci\u00f3n acad\u00e9mica y profesional de los alumnos para la realizaci\u00f3n de estad\u00edas y pr\u00e1cticas acad\u00e9micas, servicio social o investigaci\u00f3n, tambi\u00e9n se fomenta la profesionalizaci\u00f3n en docencia e investigaci\u00f3n mediante la impartici\u00f3n de cursos, talleres, diplomados y estudios de posgrado.<\/p>\n\n\n\n<p>Tras la firma de este acuerdo de colaboraci\u00f3n, titulares de las diferentes \u00e1reas de cada una de las dos instituciones se dieron a la tarea de sentar las bases para iniciar con el proceso de gesti\u00f3n y estructuraci\u00f3n de proyectos afines para la construcci\u00f3n de v\u00ednculos de cooperaci\u00f3n para beneficio de las y los profesionistas, as\u00ed como de la sociedad oaxaque\u00f1a.<\/p>\n","protected":false},"excerpt":{"rendered":"<p>Redacci\u00f3n\/Zona Roja. Oaxaca de Ju\u00e1rez, Oax., a 4 de mayo de 2023.- &nbsp;La colaboraci\u00f3n entre&hellip;<\/p>\n","protected":false},"author":2,"featured_media":54886,"comment_status":"closed","ping_status":"open","sticky":false,"template":"","format":"standard","meta":{"_lmt_disableupdate":"","_lmt_disable":"","_jetpack_memberships_contains_paid_content":false,"footnotes":""},"categories":[109,46],"tags":[494],"class_list":["post-54895","post","type-post","status-publish","format-standard","has-post-thumbnail","hentry","category-minuto-a-minuto","category-zona-blanca","tag-fiscalia-general-del-estado-de-oaxaca"],"jetpack_featured_media_url":"https:\/\/zonaroja.com.mx\/wp-content\/uploads\/2023\/05\/Fiscalia-General-convenio-UABJO-1.jpg","jetpack_sharing_enabled":true,"_links":{"self":[{"href":"https:\/\/zonaroja.com.mx\/index.php?rest_route=\/wp\/v2\/posts\/54895","targetHints":{"allow":["GET"]}}],"collection":[{"href":"https:\/\/zonaroja.com.mx\/index.php?rest_route=\/wp\/v2\/posts"}],"about":[{"href":"https:\/\/zonaroja.com.mx\/index.php?rest_route=\/wp\/v2\/types\/post"}],"author":[{"embeddable":true,"href":"https:\/\/zonaroja.com.mx\/index.php?rest_route=\/wp\/v2\/users\/2"}],"replies":[{"embeddable":true,"href":"https:\/\/zonaroja.com.mx\/index.php?rest_route=%2Fwp%2Fv2%2Fcomments&post=54895"}],"version-history":[{"count":1,"href":"https:\/\/zonaroja.com.mx\/index.php?rest_route=\/wp\/v2\/posts\/54895\/revisions"}],"predecessor-version":[{"id":54896,"href":"https:\/\/zonaroja.com.mx\/index.php?rest_route=\/wp\/v2\/posts\/54895\/revisions\/54896"}],"wp:featuredmedia":[{"embeddable":true,"href":"https:\/\/zonaroja.com.mx\/index.php?rest_route=\/wp\/v2\/media\/54886"}],"wp:attachment":[{"href":"https:\/\/zonaroja.com.mx\/index.php?rest_route=%2Fwp%2Fv2%2Fmedia&parent=54895"}],"wp:term":[{"taxonomy":"category","embeddable":true,"href":"https:\/\/zonaroja.com.mx\/index.php?rest_route=%2Fwp%2Fv2%2Fcategories&post=54895"},{"taxonomy":"post_tag","embeddable":true,"href":"https:\/\/zonaroja.com.mx\/index.php?rest_route=%2Fwp%2Fv2%2Ftags&post=54895"}],"curies":[{"name":"wp","href":"https:\/\/api.w.org\/{rel}","templated":true}]}}