{"id":54902,"date":"2023-05-04T09:31:06","date_gmt":"2023-05-04T14:31:06","guid":{"rendered":"http:\/\/www.zonaroja.com.mx\/?p=54902"},"modified":"2023-05-04T09:31:10","modified_gmt":"2023-05-04T14:31:10","slug":"hombre-se-sale-con-todo-y-bata-y-suero-de-hospital-de-oaxaca-por-pesima-atencion","status":"publish","type":"post","link":"https:\/\/zonaroja.com.mx\/?p=54902","title":{"rendered":"Hombre se sale con todo y bata y suero de hospital de Oaxaca, por p\u00e9sima atenci\u00f3n"},"content":{"rendered":"\n<p>Ismael Garc\u00eda M.\/Zona Roja.<\/p>\n\n\n\n<p>Oaxaca de Ju\u00e1rez, Oax., a 4 de mayo de 2023.- Cansado de esperar por horas en una silla vieja y dura en el pasillo, as\u00ed como de la p\u00e9sima atenci\u00f3n m\u00e9dica, un profesor jubilado, afiliado a la Secci\u00f3n 22 del SNTE, se sali\u00f3 de un hospital de Oaxaca, con todo y bata de paciente, adem\u00e1s de suero.<\/p>\n\n\n\n<p>Ocurri\u00f3 ayer en el hospital \u201cPresidente Ju\u00e1rez\u201d del ISSSTE en la capital del estado, cuyo paciente lament\u00f3 la grave situaci\u00f3n que en esa instituci\u00f3n m\u00e9dica, pues no es el \u00fanico caso el suyo.<\/p>\n\n\n\n<p>\u201cLlegu\u00e9 grave, con mi glucosa cerca de 400, mi presi\u00f3n arterial tambi\u00e9n, con dolor de cabeza y de cuerpo, con dificultades para respirar, y me mandaron a una silla, compartiendo el tripi\u00e9.<\/p>\n\n\n\n<p>\u201cCuando quise ir al ba\u00f1o, le tuve que pedir el favor al otro paciente que me hiciera el favor acompa\u00f1ar al ba\u00f1o porque ten\u00eda que sacar una muestra; afortunadamente el se\u00f1or pod\u00eda caminar y fuimos juntos.<\/p>\n\n\n\n<p>\u201cNo hay ni siquiera tripi\u00e9s; les ped\u00ed por favor que me dieran una camilla o una cama, no pude dormir bien toda la noche y me dijeron que no hay que est\u00e1 saturado el hospital\u201d, dijo don Jorge Antonio Hern\u00e1ndez Fuentes\u00a0al fotorreportero Mario Jim\u00e9nez, de Noticieros 77.7, de \u201cHeraldo Radio\u201d.<\/p>\n\n\n\n<figure class=\"wp-block-embed is-type-rich is-provider-twitter wp-block-embed-twitter\"><div class=\"wp-block-embed__wrapper\">\n<div class=\"twitter-tweet\"><blockquote class=\"twitter-tweet\" data-lang=\"es\"><p lang=\"es\" dir=\"ltr\">Terrible situaci\u00f3n en el <a href=\"https:\/\/twitter.com\/ISSSTE_mx?ref_src=twsrc%5Etfw\">@ISSSTE_mx<\/a> en <a href=\"https:\/\/twitter.com\/hashtag\/Oaxaca?src=hash&amp;ref_src=twsrc%5Etfw\">#Oaxaca<\/a>.<br>Un paciente se tuvo que salir, con todo y bata, del Hospital \u201cPresidente Ju\u00e1rez\u201d en la capital.<br>Ello ante la p\u00e9sima atenci\u00f3n y la falta de equipos y \u00e1reas adecuadas para la atenci\u00f3n.<br><br>Video: Mario Jim\u00e9nez <a href=\"https:\/\/twitter.com\/Noticieros977?ref_src=twsrc%5Etfw\">@Noticieros977<\/a>. <a href=\"https:\/\/t.co\/RNXFXOTzUc\">pic.twitter.com\/RNXFXOTzUc<\/a><\/p>&mdash; Zona Roja Oaxaca (@ZonaRoja_Oaxaca) <a href=\"https:\/\/twitter.com\/ZonaRoja_Oaxaca\/status\/1653938046134530050?ref_src=twsrc%5Etfw\">4 de mayo de 2023<\/a><\/blockquote><\/div>\n<\/div><\/figure>\n\n\n\n<p>-\u00bfHa estado usted toda la noche en una silla o un sill\u00f3n?<\/p>\n\n\n\n<p>-En una silla de fierro por varias horas, lo \u00fanico que me dicen es que est\u00e1 saturado el hospital y que no hay posibilidades.<\/p>\n\n\n\n<p>-Pero aparte de saturado, no hay medicinas, no hay servicio, no hay calidad.<\/p>\n\n\n\n<p>-No hay especialistas, no hay una buena atenci\u00f3n, porque no hay personal suficiente.<\/p>\n\n\n\n<p>\u201cEs una forma de protesta y responsabilizo al ISSSTE de cualquier situaci\u00f3n que pase con mi salud. Me voy a retirar a mi domicilio para que mi familia me lleve a un m\u00e9dico particular porque no puedo estar en esas circunstancias\u201d, dijo el profesor jubilado.<\/p>\n\n\n\n<p>Expuso al fotorreportero Mario Jim\u00e9nez que analizan la posibilidad de demanda, no obstante ya ha ya ha reclamado al ISSSTE el reembolso de gastos m\u00e9dicos, pero le dicen que tiene \u00f3rdenes del Presidente de la Rep\u00fablica de no pagar reembolsos.<\/p>\n\n\n\n<p>\u201cSin embargo, nosotros vamos a exigir nuestros derechos y que se cumpla\u201d, enfatiz\u00f3 don Jorge Antonio.<\/p>\n\n\n\n<p>\u201cEst\u00e1n graves ah\u00ed (en el hospital), le est\u00e1n haciendo curaciones a un se\u00f1or m\u00e1s grave que yo, y lo tienen en una silla desde ayer; hay varios pacientes en esa situaci\u00f3n pero les dicen que no hay camillas, que no hay camas, no hay como atenderlos\u201d.<\/p>\n","protected":false},"excerpt":{"rendered":"<p>Ismael Garc\u00eda M.\/Zona Roja. Oaxaca de Ju\u00e1rez, Oax., a 4 de mayo de 2023.- Cansado&hellip;<\/p>\n","protected":false},"author":2,"featured_media":54903,"comment_status":"closed","ping_status":"open","sticky":false,"template":"","format":"standard","meta":{"_lmt_disableupdate":"","_lmt_disable":"","_jetpack_memberships_contains_paid_content":false,"footnotes":""},"categories":[109,47],"tags":[1554],"class_list":["post-54902","post","type-post","status-publish","format-standard","has-post-thumbnail","hentry","category-minuto-a-minuto","category-zona-gris","tag-issste-oaxaca"],"jetpack_featured_media_url":"https:\/\/zonaroja.com.mx\/wp-content\/uploads\/2023\/05\/Paciente-ISSSTE-Oaxaca.jpg","jetpack_sharing_enabled":true,"_links":{"self":[{"href":"https:\/\/zonaroja.com.mx\/index.php?rest_route=\/wp\/v2\/posts\/54902","targetHints":{"allow":["GET"]}}],"collection":[{"href":"https:\/\/zonaroja.com.mx\/index.php?rest_route=\/wp\/v2\/posts"}],"about":[{"href":"https:\/\/zonaroja.com.mx\/index.php?rest_route=\/wp\/v2\/types\/post"}],"author":[{"embeddable":true,"href":"https:\/\/zonaroja.com.mx\/index.php?rest_route=\/wp\/v2\/users\/2"}],"replies":[{"embeddable":true,"href":"https:\/\/zonaroja.com.mx\/index.php?rest_route=%2Fwp%2Fv2%2Fcomments&post=54902"}],"version-history":[{"count":1,"href":"https:\/\/zonaroja.com.mx\/index.php?rest_route=\/wp\/v2\/posts\/54902\/revisions"}],"predecessor-version":[{"id":54904,"href":"https:\/\/zonaroja.com.mx\/index.php?rest_route=\/wp\/v2\/posts\/54902\/revisions\/54904"}],"wp:featuredmedia":[{"embeddable":true,"href":"https:\/\/zonaroja.com.mx\/index.php?rest_route=\/wp\/v2\/media\/54903"}],"wp:attachment":[{"href":"https:\/\/zonaroja.com.mx\/index.php?rest_route=%2Fwp%2Fv2%2Fmedia&parent=54902"}],"wp:term":[{"taxonomy":"category","embeddable":true,"href":"https:\/\/zonaroja.com.mx\/index.php?rest_route=%2Fwp%2Fv2%2Fcategories&post=54902"},{"taxonomy":"post_tag","embeddable":true,"href":"https:\/\/zonaroja.com.mx\/index.php?rest_route=%2Fwp%2Fv2%2Ftags&post=54902"}],"curies":[{"name":"wp","href":"https:\/\/api.w.org\/{rel}","templated":true}]}}