{"id":54905,"date":"2023-05-04T18:42:12","date_gmt":"2023-05-04T23:42:12","guid":{"rendered":"http:\/\/www.zonaroja.com.mx\/?p=54905"},"modified":"2023-05-04T18:42:17","modified_gmt":"2023-05-04T23:42:17","slug":"mas-de-200-desapariciones-de-mujeres-sexenio-de-jara-59-son-ninas-y-adolescentes","status":"publish","type":"post","link":"https:\/\/zonaroja.com.mx\/?p=54905","title":{"rendered":"M\u00e1s de 200 desapariciones de mujeres sexenio de Jara; 59 % son ni\u00f1as y adolescentes"},"content":{"rendered":"\n<p>Yuridiana Sosa\/Zona Roja.<\/p>\n\n\n\n<p>Oaxaca de Ju\u00e1rez, Oax., a 4 de mayo de 2023.- Las desapariciones de ni\u00f1as, adolescentes y mujeres en Oaxaca se han convertido en la agresi\u00f3n m\u00e1s constante contra las ciudadanas durante el sexenio de Salom\u00f3n Jara Cruz, con 212 hechos registrados, evidenci\u00f3 Consorcio Oaxaca.<\/p>\n\n\n\n<p>De acuerdo con el registro \u201cPlataforma de Violencia Feminicida\u201d (PVF) de la organizaci\u00f3n civil, en cinco meses del gobierno morenista de Jara Cruz las ni\u00f1as y adolescentes son las principales v\u00edctimas de estos sucesos, al representar el 59 por ciento del total de casos.<\/p>\n\n\n\n<p>Consorcio Oaxaca detall\u00f3 que son 125 registros correspondientes a ni\u00f1as y j\u00f3venes de hasta 18 a\u00f1os de edad, de los que 17 son menores de 10 a\u00f1os de edad y 108 de entre 10 y 18 a\u00f1os.<\/p>\n\n\n\n<p>De los casos de ni\u00f1as y adolescentes, el 60 por ciento sigue sin ser localizada, mientras que, del 40 por ciento de las localizadas con vida, cuatro son ni\u00f1as menores de 10 a\u00f1os, que representan el 23.5 por ciento de las afectadas en ese rango de edad y 47 localizadas de entre 10 y 18 a\u00f1os de edad, que corresponden al 43.5 por ciento de las desaparecidas.<\/p>\n\n\n\n<p>DESAPARECIDAS<\/p>\n\n\n\n<p>La muestra fehaciente del reporte de Consorcio Oaxaca se constata cada d\u00eda en los reportes de la Unidad de B\u00fasqueda de Personas No Localizadas, de la Fiscal\u00eda General de Oaxaca.<\/p>\n\n\n\n<p>La instituci\u00f3n ha reportado en el transcurso del mes de mayo y cuyos casos se mantienen vigente hasta este 4 de este mes, la desaparici\u00f3n de cinco adolescentes.<\/p>\n\n\n\n<p>Las ficha de b\u00fasqueda m\u00e1s recientes son para localizar a Citlali Elizabeth Luis Pineda, de 15 a\u00f1os de edad, vista por \u00faltima vez el 1 de mayo en San Francisco del Mar; Sara Ivonne Chirino Torres, de 16 a\u00f1os de edad, el 2 de mayo en la colonia Barrio del Rosario del municipio de Santa Cruz Xoxocotl\u00e1n.<\/p>\n\n\n\n<p>As\u00ed tambi\u00e9n para encontrar a Danna Paola Tello Mart\u00ednez, de 15 a\u00f1os, desaparecida el 3 de mayo en la colonia Del Maestro en Huajuapan de Le\u00f3n; Felicia L\u00f3pez Cruz, de 17 a\u00f1os, fue vista por \u00faltima vez desde el 27 de abril en el paraje Miravalle en la agencia de Trinidad de Viguera de Oaxaca de Ju\u00e1rez y Carla Lizbeht Orozco Carredano, de 18 a\u00f1os de edad, desapareci\u00f3 el 30 de abril en San Juan Bautista Tuxtepec.<\/p>\n","protected":false},"excerpt":{"rendered":"<p>Yuridiana Sosa\/Zona Roja. Oaxaca de Ju\u00e1rez, Oax., a 4 de mayo de 2023.- Las desapariciones&hellip;<\/p>\n","protected":false},"author":2,"featured_media":40437,"comment_status":"closed","ping_status":"open","sticky":false,"template":"","format":"standard","meta":{"_lmt_disableupdate":"","_lmt_disable":"","_jetpack_memberships_contains_paid_content":false,"footnotes":""},"categories":[109,47],"tags":[548],"class_list":["post-54905","post","type-post","status-publish","format-standard","has-post-thumbnail","hentry","category-minuto-a-minuto","category-zona-gris","tag-consorcio-oaxaca"],"jetpack_featured_media_url":"https:\/\/zonaroja.com.mx\/wp-content\/uploads\/2022\/04\/Mujeres-desaparecidas-violencia-busqueda-desapariciones.jpg","jetpack_sharing_enabled":true,"_links":{"self":[{"href":"https:\/\/zonaroja.com.mx\/index.php?rest_route=\/wp\/v2\/posts\/54905","targetHints":{"allow":["GET"]}}],"collection":[{"href":"https:\/\/zonaroja.com.mx\/index.php?rest_route=\/wp\/v2\/posts"}],"about":[{"href":"https:\/\/zonaroja.com.mx\/index.php?rest_route=\/wp\/v2\/types\/post"}],"author":[{"embeddable":true,"href":"https:\/\/zonaroja.com.mx\/index.php?rest_route=\/wp\/v2\/users\/2"}],"replies":[{"embeddable":true,"href":"https:\/\/zonaroja.com.mx\/index.php?rest_route=%2Fwp%2Fv2%2Fcomments&post=54905"}],"version-history":[{"count":1,"href":"https:\/\/zonaroja.com.mx\/index.php?rest_route=\/wp\/v2\/posts\/54905\/revisions"}],"predecessor-version":[{"id":54906,"href":"https:\/\/zonaroja.com.mx\/index.php?rest_route=\/wp\/v2\/posts\/54905\/revisions\/54906"}],"wp:featuredmedia":[{"embeddable":true,"href":"https:\/\/zonaroja.com.mx\/index.php?rest_route=\/wp\/v2\/media\/40437"}],"wp:attachment":[{"href":"https:\/\/zonaroja.com.mx\/index.php?rest_route=%2Fwp%2Fv2%2Fmedia&parent=54905"}],"wp:term":[{"taxonomy":"category","embeddable":true,"href":"https:\/\/zonaroja.com.mx\/index.php?rest_route=%2Fwp%2Fv2%2Fcategories&post=54905"},{"taxonomy":"post_tag","embeddable":true,"href":"https:\/\/zonaroja.com.mx\/index.php?rest_route=%2Fwp%2Fv2%2Ftags&post=54905"}],"curies":[{"name":"wp","href":"https:\/\/api.w.org\/{rel}","templated":true}]}}