{"id":54928,"date":"2023-05-05T12:58:00","date_gmt":"2023-05-05T17:58:00","guid":{"rendered":"http:\/\/www.zonaroja.com.mx\/?p=54928"},"modified":"2023-05-05T08:00:53","modified_gmt":"2023-05-05T13:00:53","slug":"inician-colocacion-de-mojoneras-en-limites-de-oaxaca-con-chiapas","status":"publish","type":"post","link":"https:\/\/zonaroja.com.mx\/?p=54928","title":{"rendered":"Inician colocaci\u00f3n de mojoneras en l\u00edmites de Oaxaca con Chiapas"},"content":{"rendered":"\n<p>Redacci\u00f3n\/Zona Roja Cdmx.<\/p>\n\n\n\n<p>Ciudad de M\u00e9xico, a 5 de mayo de 2023.- Autoridades agrarias y municipales de San Miguel y Santa Mar\u00eda Chimalapa, Oaxaca, se trasladan al punto conocido como \u201cEl Cerro de Los Mart\u00ednez\u201d, para iniciar con la colocaci\u00f3n de las mojoneras, como parte del cumplimiento de la sentencia de la Suprema Corte de Justicia de la Naci\u00f3n (SCJN) de las 162 mil hect\u00e1reas que reclamaban los zoques.<\/p>\n\n\n\n<p>La acci\u00f3n que implementan las autoridades la denominan \u201cMojoneras de la Paz\u201d, donde participan un total de 100 comuneros, representantes del gobierno de de Oaxaca y de la Procuradur\u00eda Agraria, &nbsp;que acudir\u00e1n a la colocaci\u00f3n de la placa entre los l\u00edmites de Chiapas, Veracruz y Oaxaca.&nbsp;<\/p>\n\n\n\n<p>\u201cEs una mojonera que tiene varios s\u00edmbolos porque en primer lugar tiene una placa met\u00e1lica que coloc\u00f3 la Sedena hace muchos a\u00f1os, esa placa se\u00f1ala varios l\u00edmites, uno el l\u00edmite estatal, dos el l\u00edmite comunal de Santa Mar\u00eda Chimalapa al mismo tiempo, es el mismo punto y el l\u00edmite trine, el punto trino entre Veracruz, Oaxaca y Chiapas\u201d, dijo Miguel Angel Garc\u00eda Aguirre, integrante del Comit\u00e9 de Defensa de Los Bienes Comunales de Los Chimalapas.&nbsp;<\/p>\n\n\n\n<p>Posteriormente se ubicar\u00e1n en otro de los puntos ubicados en el sur, donde tambi\u00e9n se estar\u00e1 colocando la mojonera, y esta se ubica en los l\u00edmites con Arriaga, Chiapas, donde se ha firmado un acuerdo amistoso, para que las comunidades ubicadas dentro del territorio reclamado, sigan siendo administrativamente perteneciente a Chiapas.<\/p>\n\n\n\n<p>Donde se espera que se presente alg\u00fan tipo de resistencia es en las zonas donde se ubican los ganaderos Chiapanecos, quienes podr\u00edan mostrar resistencia ante las acciones de delimitaci\u00f3n territorial.<\/p>\n\n\n\n<p>Para estos trabajos se estar\u00e1n utilizando equipos satelitales, y adem\u00e1s, estar\u00e1n acompa\u00f1ando elementos de la Guardia Nacional y la Polic\u00eda del Estado de Oaxaca, quienes resguardar\u00e1n la seguridad de los comuneros durante la colocaci\u00f3n de las mojoneras y el brecheo que se tenga que realizar.<\/p>\n\n\n\n<p>Los comuneros se\u00f1alaron que la sentencia de la SCJN se\u00f1ala que se tienen un plazo de 30 meses para que la ejecuci\u00f3n total de lo establecido, por lo que se han tenido la reforma a la Constituci\u00f3n Pol\u00edtica del Estado de Oaxaca, en relaci\u00f3n a los l\u00edmites territoriales.<\/p>\n\n\n\n<p>(Informaci\u00f3n de \u201cEl Heraldo de M\u00e9xico\u201d)<\/p>\n","protected":false},"excerpt":{"rendered":"<p>Redacci\u00f3n\/Zona Roja Cdmx. Ciudad de M\u00e9xico, a 5 de mayo de 2023.- Autoridades agrarias y&hellip;<\/p>\n","protected":false},"author":2,"featured_media":54927,"comment_status":"closed","ping_status":"open","sticky":false,"template":"","format":"standard","meta":{"_lmt_disableupdate":"","_lmt_disable":"","_jetpack_memberships_contains_paid_content":false,"footnotes":""},"categories":[109,46],"tags":[2949],"class_list":["post-54928","post","type-post","status-publish","format-standard","has-post-thumbnail","hentry","category-minuto-a-minuto","category-zona-blanca","tag-controversia-constitucional-chimalapas"],"jetpack_featured_media_url":"https:\/\/zonaroja.com.mx\/wp-content\/uploads\/2023\/05\/Limites-de-Oaxaca-con-Chiapas-Chimalapas.png","jetpack_sharing_enabled":true,"_links":{"self":[{"href":"https:\/\/zonaroja.com.mx\/index.php?rest_route=\/wp\/v2\/posts\/54928","targetHints":{"allow":["GET"]}}],"collection":[{"href":"https:\/\/zonaroja.com.mx\/index.php?rest_route=\/wp\/v2\/posts"}],"about":[{"href":"https:\/\/zonaroja.com.mx\/index.php?rest_route=\/wp\/v2\/types\/post"}],"author":[{"embeddable":true,"href":"https:\/\/zonaroja.com.mx\/index.php?rest_route=\/wp\/v2\/users\/2"}],"replies":[{"embeddable":true,"href":"https:\/\/zonaroja.com.mx\/index.php?rest_route=%2Fwp%2Fv2%2Fcomments&post=54928"}],"version-history":[{"count":1,"href":"https:\/\/zonaroja.com.mx\/index.php?rest_route=\/wp\/v2\/posts\/54928\/revisions"}],"predecessor-version":[{"id":54929,"href":"https:\/\/zonaroja.com.mx\/index.php?rest_route=\/wp\/v2\/posts\/54928\/revisions\/54929"}],"wp:featuredmedia":[{"embeddable":true,"href":"https:\/\/zonaroja.com.mx\/index.php?rest_route=\/wp\/v2\/media\/54927"}],"wp:attachment":[{"href":"https:\/\/zonaroja.com.mx\/index.php?rest_route=%2Fwp%2Fv2%2Fmedia&parent=54928"}],"wp:term":[{"taxonomy":"category","embeddable":true,"href":"https:\/\/zonaroja.com.mx\/index.php?rest_route=%2Fwp%2Fv2%2Fcategories&post=54928"},{"taxonomy":"post_tag","embeddable":true,"href":"https:\/\/zonaroja.com.mx\/index.php?rest_route=%2Fwp%2Fv2%2Ftags&post=54928"}],"curies":[{"name":"wp","href":"https:\/\/api.w.org\/{rel}","templated":true}]}}