{"id":54930,"date":"2023-05-05T09:30:00","date_gmt":"2023-05-05T14:30:00","guid":{"rendered":"http:\/\/www.zonaroja.com.mx\/?p=54930"},"modified":"2023-05-05T09:25:03","modified_gmt":"2023-05-05T14:25:03","slug":"quien-era-el-influencer-asesinado-en-la-cdmx-en-conferencia","status":"publish","type":"post","link":"https:\/\/zonaroja.com.mx\/?p=54930","title":{"rendered":"\u00bfQui\u00e9n era el \u201cinfluencer\u201d asesinado en la Cdmx en conferencia?"},"content":{"rendered":"\n<p>Redacci\u00f3n\/Zona Roja Cdmx.<\/p>\n\n\n\n<p>Ciudad de M\u00e9xico, a 5 de mayo de 2023.- Lo que deber\u00eda ser una conferencia de prensa sobre el anuncio de un nuevo programa de entretenimiento se convirti\u00f3 en una tragedia porque se report\u00f3 el asesinato de Kevin Kaletry, durante el evento period\u00edstico sobre el nuevo programa que comandar\u00eda Wendy, de \u201cLas Perdidas\u201d.<\/p>\n\n\n\n<p>De acuerdo con los reportes preliminares, que fueron dados a conocer por el periodista Carlos Jim\u00e9nez, la v\u00edctima se encontraba en el lugar cuando un hombre a bordo de una motocicleta, que ya se encuentra detenido, se acerc\u00f3 y lo atac\u00f3 con un arma de fuego, muriendo al instante. Los informes indicaron que Kaletry recibi\u00f3 impactos de bala en la cabeza.<\/p>\n\n\n\n<p>Pero, \u00bfQui\u00e9n era Kevin Kaletry?, era un actor e influencer que principalmente se dedicaba a compartir parte de su exc\u00e9ntrica vida a trav\u00e9s de la red social TikTok, generalmente publicaba videos sobre sus viajes y los momentos que viv\u00eda al lado de su familia y amigos. De acuerdo con sus redes sociales, era viudo y proven\u00eda de Puerto Rico.<\/p>\n\n\n\n<p>Kaletry se dedicaba a compartir videos sobre sus motocicletas, veh\u00edculos que presum\u00eda constantemente a trav\u00e9s de las distintas plataformas digitales, de hecho la \u00faltima publicaci\u00f3n que subi\u00f3 en su cuenta de Instagram es, al parecer, de \u00e9l conduciendo una de sus motos a trav\u00e9s de un t\u00fanel sin especificar d\u00f3nde se ubicaba exactamente, pero se subi\u00f3 a su red social a menos de un d\u00eda de su muerte.<\/p>\n\n\n\n<p>El tambi\u00e9n actor cre\u00f3 un \u201creality\u201d que se puede visualizar en su TikTok o en la cuenta de @amorofamaoficial donde comparti\u00f3 material audiovisual donde realiz\u00f3 diferentes \u201ctrends\u201d populares entre los usuarios digitales. Entre ellos destacan bailes o rondas de preguntas.<\/p>\n\n\n\n<p>No obstante la \u00faltima publicaci\u00f3n hecha en la cuenta destinada para mostrar este show no tiene una actualizaci\u00f3n desde el 12 de octubre de 2022.<\/p>\n\n\n\n<p>PARTICIPAR\u00cdA EN OBRA<\/p>\n\n\n\n<p>El creador de contenido de redes sociales acudi\u00f3 a la presentaci\u00f3n del nuevo proyecto de Wendy de \u201cLas Perdidas\u201d titulado \u201cLa Escuelita\u201d, donde trascendi\u00f3 que Kevin Kaletry tendr\u00eda una participaci\u00f3n al lado de la famosa, quien cont\u00f3 que estaba respondiendo a una pregunta cuando vio que el \u201cmuchacho\u201d se desplom\u00f3 y perdi\u00f3 la vida casi de manera inmediata.<\/p>\n\n\n\n<p>Pero, \u00bfCu\u00e1l es la relaci\u00f3n que \u00e9l ten\u00eda con Wendy de \u201cLas Perdidas\u201d?, se trata de un compa\u00f1erismo que apenas iba a iniciar. La \u201cinfluencer\u201d explic\u00f3 que lo conoci\u00f3 por los ensayos que hicieron virtuales, pero nunca se hab\u00edan conocido en persona por lo que, explic\u00f3, era la primera vez que se iban a ver y a conocerse para promocionar el nuevo proyecto.<\/p>\n\n\n\n<p>\u201cPues bueno, el chavo, apenas lo iba a conocer hoy yo, yo lo hab\u00eda conocido por las, c\u00f3mo se llama, por los ensayos en zoom, no s\u00e9 c\u00f3mo se diga, pero eran en las reuniones virtuales, yo ve\u00eda que \u00e9l hablaba y todo, lo que iba a decir en su guion, pero ay no, pobrecito muchacho\u201d, comparti\u00f3 Wendy en redes sociales.<\/p>\n\n\n\n<p>Pero Kaletry no s\u00f3lo se dedicaba a compartir contenido y a incursionar en el mundo de la actuaci\u00f3n, el influencer tambi\u00e9n utiliz\u00f3 sus cuentas digitales para mostrar su faceta musical como cantante y adem\u00e1s para ense\u00f1ar la habilidad para tocar la guitarra de uno de sus amigos en uno de sus videos donde se le escucha cantar el tema Gente de Accionar de Grupo Codiciado.<\/p>\n\n\n\n<p>En el clip se le escucha interpretar esta canci\u00f3n acompa\u00f1ado de personas que se presume eran amigos cercanos del tambi\u00e9n actor.<\/p>\n\n\n\n<p>Cabe destacar que de acuerdo con su perfil principal de Facebook el actor e influencer era viudo, pero sin especificar el tiempo o la persona con la que estuvo casado. Adem\u00e1s era originario de Bayam\u00f3n, Puerto Rico.<\/p>\n\n\n\n<p>(Informaci\u00f3n de Infobae M\u00e9xico)<\/p>\n","protected":false},"excerpt":{"rendered":"<p>Redacci\u00f3n\/Zona Roja Cdmx. Ciudad de M\u00e9xico, a 5 de mayo de 2023.- Lo que deber\u00eda&hellip;<\/p>\n","protected":false},"author":2,"featured_media":54922,"comment_status":"closed","ping_status":"open","sticky":false,"template":"","format":"standard","meta":{"_lmt_disableupdate":"","_lmt_disable":"","_jetpack_memberships_contains_paid_content":false,"footnotes":""},"categories":[109,47],"tags":[3534],"class_list":["post-54930","post","type-post","status-publish","format-standard","has-post-thumbnail","hentry","category-minuto-a-minuto","category-zona-gris","tag-kevin-kaletry"],"jetpack_featured_media_url":"https:\/\/zonaroja.com.mx\/wp-content\/uploads\/2023\/05\/Kevin-Kaletry-asesinado.jpeg","jetpack_sharing_enabled":true,"_links":{"self":[{"href":"https:\/\/zonaroja.com.mx\/index.php?rest_route=\/wp\/v2\/posts\/54930","targetHints":{"allow":["GET"]}}],"collection":[{"href":"https:\/\/zonaroja.com.mx\/index.php?rest_route=\/wp\/v2\/posts"}],"about":[{"href":"https:\/\/zonaroja.com.mx\/index.php?rest_route=\/wp\/v2\/types\/post"}],"author":[{"embeddable":true,"href":"https:\/\/zonaroja.com.mx\/index.php?rest_route=\/wp\/v2\/users\/2"}],"replies":[{"embeddable":true,"href":"https:\/\/zonaroja.com.mx\/index.php?rest_route=%2Fwp%2Fv2%2Fcomments&post=54930"}],"version-history":[{"count":1,"href":"https:\/\/zonaroja.com.mx\/index.php?rest_route=\/wp\/v2\/posts\/54930\/revisions"}],"predecessor-version":[{"id":54931,"href":"https:\/\/zonaroja.com.mx\/index.php?rest_route=\/wp\/v2\/posts\/54930\/revisions\/54931"}],"wp:featuredmedia":[{"embeddable":true,"href":"https:\/\/zonaroja.com.mx\/index.php?rest_route=\/wp\/v2\/media\/54922"}],"wp:attachment":[{"href":"https:\/\/zonaroja.com.mx\/index.php?rest_route=%2Fwp%2Fv2%2Fmedia&parent=54930"}],"wp:term":[{"taxonomy":"category","embeddable":true,"href":"https:\/\/zonaroja.com.mx\/index.php?rest_route=%2Fwp%2Fv2%2Fcategories&post=54930"},{"taxonomy":"post_tag","embeddable":true,"href":"https:\/\/zonaroja.com.mx\/index.php?rest_route=%2Fwp%2Fv2%2Ftags&post=54930"}],"curies":[{"name":"wp","href":"https:\/\/api.w.org\/{rel}","templated":true}]}}