{"id":54934,"date":"2023-05-05T10:25:00","date_gmt":"2023-05-05T15:25:00","guid":{"rendered":"http:\/\/www.zonaroja.com.mx\/?p=54934"},"modified":"2023-05-05T08:35:44","modified_gmt":"2023-05-05T13:35:44","slug":"preven-temporada-intensa-de-ciclones-tropicales-en-mexico","status":"publish","type":"post","link":"https:\/\/zonaroja.com.mx\/?p=54934","title":{"rendered":"Prev\u00e9n temporada intensa de ciclones tropicales en M\u00e9xico"},"content":{"rendered":"\n<p>Redacci\u00f3n\/Zona Roja Cdmx.<\/p>\n\n\n\n<p>Ciudad de M\u00e9xico, a 5 de mayo de 2023.- Con la posible formaci\u00f3n de 10 a 16 sistemas en el oc\u00e9ano Atl\u00e1ntico y de 16 a 22 en el oc\u00e9ano Pac\u00edfico, la Temporada de Ciclones Tropicales 2023 ser\u00e1 activa, pronostic\u00f3 el Sistema Meteorol\u00f3gico Nacional (SMN).<br>Durante la Reuni\u00f3n Nacional de Protecci\u00f3n Civil, realizada por primera vez en Canc\u00fan, Alejandra M\u00e9ndez Gir\u00f3n, coordinadora del SMN, indic\u00f3 que, del total de tormentas y huracanes generados, al menos cinco impacten al pa\u00eds, siendo los meses con mayor actividad cicl\u00f3nica son agosto y septiembre.<br>Sin embargo, con la formaci\u00f3n de un 30% m\u00e1s de sistemas, la tendencia es que la temporada sea mucho m\u00e1s activa en el Pac\u00edfico que en el Atl\u00e1ntico, donde se espera hasta un 10% menos formaciones que en 2022.<br>La proyecci\u00f3n es que se formen de siete a nueve tormentas tropicales, de uno a tres huracanes de categor\u00eda uno o dos, y de dos a cuatro huracanes de categor\u00eda tres, cuatro o cinco.&nbsp;<\/p>\n\n\n\n<p>Mientras que, del otro lado del pa\u00eds, en el Pac\u00edfico, el n\u00famero de tormentas tropicales se espera sea de entre nueve a 11; cuatro a seis huracanes categor\u00eda uno a dos y de tres a cinco alcanzar\u00e1n categor\u00eda tres, cuatro y cinco.&nbsp;<br>M\u00e9ndez Gir\u00f3n mencion\u00f3 que, a nivel nacional, Baja California Sur tiene el porcentaje m\u00e1s alto de probabilidad de impactos de ciclones tropicales, con un 17%. El segundo lugar lo ocupa el estado de Veracruz (13.3%) y el tercer lugar hay un empate entre Quintana Roo y Sinaloa (12.2%)<br>\u201cSe declara oficialmente el inicio de la temporada de ciclones tropicales 2023 a partir del d\u00eda 15 de mayo, en el Oc\u00e9ano Pac\u00edfico, y a partir del 1 de junio, en el Oc\u00e9ano Atl\u00e1ntico\u201d, dijo.&nbsp;<br>Durante su intervenci\u00f3n, Laura Vel\u00e1zquez Alz\u00faa, coordinadora Nacional de Protecci\u00f3n Civil, indic\u00f3 que en M\u00e9xico se tienen 13 mil 345 refugios identificados, con la capacidad de recibir a dos millones 926 mil 382 personas de comunidades y zonas vulnerables, de estos, la mayor\u00eda se encuentran en los estados de Veracruz, Jalisco, Yucat\u00e1n y Quintana Roo.<br>\u201cEl gobierno de M\u00e9xico cuenta con los recursos humanos y materiales suficientes para atender cualquier emergencia a trav\u00e9s del Comit\u00e9\u201d, asegur\u00f3 la coordinadora.<\/p>\n\n\n\n<p>(Informaci\u00f3n de \u201cEl Heraldo de M\u00e9xico\u201d)<\/p>\n","protected":false},"excerpt":{"rendered":"<p>Redacci\u00f3n\/Zona Roja Cdmx. Ciudad de M\u00e9xico, a 5 de mayo de 2023.- Con la posible&hellip;<\/p>\n","protected":false},"author":2,"featured_media":54935,"comment_status":"closed","ping_status":"open","sticky":false,"template":"","format":"standard","meta":{"_lmt_disableupdate":"","_lmt_disable":"","_jetpack_memberships_contains_paid_content":false,"footnotes":""},"categories":[109,47],"tags":[],"class_list":["post-54934","post","type-post","status-publish","format-standard","has-post-thumbnail","hentry","category-minuto-a-minuto","category-zona-gris"],"jetpack_featured_media_url":"https:\/\/zonaroja.com.mx\/wp-content\/uploads\/2023\/05\/Huracan-ciclon-tropical-lluvias.jpeg","jetpack_sharing_enabled":true,"_links":{"self":[{"href":"https:\/\/zonaroja.com.mx\/index.php?rest_route=\/wp\/v2\/posts\/54934","targetHints":{"allow":["GET"]}}],"collection":[{"href":"https:\/\/zonaroja.com.mx\/index.php?rest_route=\/wp\/v2\/posts"}],"about":[{"href":"https:\/\/zonaroja.com.mx\/index.php?rest_route=\/wp\/v2\/types\/post"}],"author":[{"embeddable":true,"href":"https:\/\/zonaroja.com.mx\/index.php?rest_route=\/wp\/v2\/users\/2"}],"replies":[{"embeddable":true,"href":"https:\/\/zonaroja.com.mx\/index.php?rest_route=%2Fwp%2Fv2%2Fcomments&post=54934"}],"version-history":[{"count":1,"href":"https:\/\/zonaroja.com.mx\/index.php?rest_route=\/wp\/v2\/posts\/54934\/revisions"}],"predecessor-version":[{"id":54936,"href":"https:\/\/zonaroja.com.mx\/index.php?rest_route=\/wp\/v2\/posts\/54934\/revisions\/54936"}],"wp:featuredmedia":[{"embeddable":true,"href":"https:\/\/zonaroja.com.mx\/index.php?rest_route=\/wp\/v2\/media\/54935"}],"wp:attachment":[{"href":"https:\/\/zonaroja.com.mx\/index.php?rest_route=%2Fwp%2Fv2%2Fmedia&parent=54934"}],"wp:term":[{"taxonomy":"category","embeddable":true,"href":"https:\/\/zonaroja.com.mx\/index.php?rest_route=%2Fwp%2Fv2%2Fcategories&post=54934"},{"taxonomy":"post_tag","embeddable":true,"href":"https:\/\/zonaroja.com.mx\/index.php?rest_route=%2Fwp%2Fv2%2Ftags&post=54934"}],"curies":[{"name":"wp","href":"https:\/\/api.w.org\/{rel}","templated":true}]}}