{"id":5494,"date":"2019-11-06T21:48:28","date_gmt":"2019-11-07T03:48:28","guid":{"rendered":"http:\/\/www.zonaroja.com.mx\/?p=5494"},"modified":"2019-11-06T21:48:32","modified_gmt":"2019-11-07T03:48:32","slug":"intimida-aei-a-manifestantes-y-detiene-a-integrantes-del-codedi","status":"publish","type":"post","link":"https:\/\/zonaroja.com.mx\/?p=5494","title":{"rendered":"Intimida AEI a manifestantes y detiene a integrantes del Codedi"},"content":{"rendered":"\n<p>Ismael Garc\u00eda M.<\/p>\n\n\n\n<p>Oaxaca de Ju\u00e1rez, Oax., 6 de noviembre\nde 2019.- Por protestar en contra de la Fiscal\u00eda General del Estado de Oaxaca,\nun grupo de activistas que se dirig\u00eda a una reuni\u00f3n, fue intimidada hoy por la\ntarde por al menos 20 elementos de la Agencia Estatal de Investigaciones (AEI).<\/p>\n\n\n\n<p>A trav\u00e9s de las redes sociales difundieron un video en que dieron a conocer la forma en que los agentes, con armas largas, pretend\u00edan hacer una \u201crevisi\u00f3n de rutina\u201d, lo cual fue denunciado por los manifestantes, quienes informaron que iban a una reuni\u00f3n con funcionarios federales.<\/p>\n\n\n\n<figure class=\"wp-block-embed-twitter wp-block-embed is-type-rich is-provider-twitter\"><div class=\"wp-block-embed__wrapper\">\n<div class=\"twitter-tweet\"><blockquote class=\"twitter-tweet\" data-lang=\"es\"><p lang=\"es\" dir=\"ltr\">(2) Confirman que elementos de la <a href=\"https:\/\/twitter.com\/AEI_Oaxaca?ref_src=twsrc%5Etfw\">@AEI_Oaxaca<\/a> detuvieron a activistas del Codedi, que forman parte del grupo de organizaciones sociales que protestan y mantienen un bloqueo carretero hoy al sur de la capital contra la <a href=\"https:\/\/twitter.com\/FISCALIA_GobOax?ref_src=twsrc%5Etfw\">@FISCALIA_GobOax<\/a>. <a href=\"https:\/\/t.co\/hqyHcOyymL\">pic.twitter.com\/hqyHcOyymL<\/a><\/p>&mdash; Zona Roja Oaxaca (@MexRoja) <a href=\"https:\/\/twitter.com\/MexRoja\/status\/1192279071222370305?ref_src=twsrc%5Etfw\">7 de noviembre de 2019<\/a><\/blockquote><\/div>\n<\/div><\/figure>\n\n\n\n<p>Sin embargo, m\u00e1s adelante elementos de\nla AEI interceptaron un veh\u00edculo donde viajaban afiliados al Comit\u00e9 de Defensa\nde Derechos Ind\u00edgenas (Codedi) y detuvieron a miembros de la comisi\u00f3n pol\u00edtica,\nentre ellos, Fredy Garc\u00eda, a quien le habr\u00edan aplicado una orden de aprehensi\u00f3n.<\/p>\n\n\n\n<p>Ante ello, integrantes de la Asamblea de los Pueblos en Defensa del Territorio, la Educaci\u00f3n y los Derechos Humanos, reforzaron su bloqueo sobre la carretera federal 190, crucero al aeropuerto internacional de Oaxaca, y abarcaron el cruce con la vialidad hacia la sede de la Fiscal\u00eda General, en La Experimental, San Antonio de la Cal.<\/p>\n\n\n\n<p>Desde las nueve de la ma\u00f1ana, integrantes de diversas organizaciones sociales, entre ellas el Codedi, as\u00ed como el Codep, Codeci, entre otros, iniciaron un bloqueo a la v\u00eda federal.<\/p>\n\n\n\n<figure class=\"wp-block-embed-twitter wp-block-embed is-type-rich is-provider-twitter\"><div class=\"wp-block-embed__wrapper\">\n<div class=\"twitter-tweet\"><blockquote class=\"twitter-tweet\" data-lang=\"es\"><p lang=\"es\" dir=\"ltr\"><a href=\"https:\/\/twitter.com\/hashtag\/OaxacaGris?src=hash&amp;ref_src=twsrc%5Etfw\">#OaxacaGris<\/a><br>\u201cPareciera que la <a href=\"https:\/\/twitter.com\/FISCALIA_GobOax?ref_src=twsrc%5Etfw\">@FISCALIA_GobOax<\/a> est\u00e1 de membrete, est\u00e1 como un elefante blanco\u201d, denuncian organizaciones sociales que mantienen el bloqueo en el crucero al aeropuerto de <a href=\"https:\/\/twitter.com\/hashtag\/Oaxaca?src=hash&amp;ref_src=twsrc%5Etfw\">#Oaxaca<\/a>, sobre la carretera federal 175, al sur de la capital. <a href=\"https:\/\/t.co\/3PwguyRHkq\">pic.twitter.com\/3PwguyRHkq<\/a><\/p>&mdash; Zona Roja Oaxaca (@MexRoja) <a href=\"https:\/\/twitter.com\/MexRoja\/status\/1192218796381093889?ref_src=twsrc%5Etfw\">6 de noviembre de 2019<\/a><\/blockquote><\/div>\n<\/div><\/figure>\n\n\n\n<p>Seg\u00fan denunci\u00f3 en su momento Juan\nTorres Pereda, el Gobierno del Estado, principalmente la Fiscal\u00eda General, no\nha dado respuesta a sus peticiones, entre ellos demandas en acciones de justicia.<\/p>\n\n\n\n<p>Record\u00f3 que el 21, 22 y 23 de octubre efectuaron movilizaciones por las mismas demandas, y fueron atendidos por el gobernador Alejandro Murat; sin embargo, al momento no ha habido respuestas.<\/p>\n\n\n\n<figure class=\"wp-block-image\"><img decoding=\"async\" width=\"1024\" height=\"768\" src=\"http:\/\/www.zonaroja.com.mx\/wp-content\/uploads\/2019\/11\/IMG_5668-1024x768.jpg\" alt=\"\" class=\"wp-image-5495\" srcset=\"https:\/\/zonaroja.com.mx\/wp-content\/uploads\/2019\/11\/IMG_5668-1024x768.jpg 1024w, https:\/\/zonaroja.com.mx\/wp-content\/uploads\/2019\/11\/IMG_5668-300x225.jpg 300w, https:\/\/zonaroja.com.mx\/wp-content\/uploads\/2019\/11\/IMG_5668-768x576.jpg 768w, https:\/\/zonaroja.com.mx\/wp-content\/uploads\/2019\/11\/IMG_5668-1170x878.jpg 1170w, https:\/\/zonaroja.com.mx\/wp-content\/uploads\/2019\/11\/IMG_5668-1920x1440.jpg 1920w, https:\/\/zonaroja.com.mx\/wp-content\/uploads\/2019\/11\/IMG_5668-585x439.jpg 585w, https:\/\/zonaroja.com.mx\/wp-content\/uploads\/2019\/11\/IMG_5668.jpg 2016w\" sizes=\"(max-width: 1024px) 100vw, 1024px\" \/><\/figure>\n","protected":false},"excerpt":{"rendered":"<p>Ismael Garc\u00eda M. Oaxaca de Ju\u00e1rez, Oax., 6 de noviembre de 2019.- Por protestar en&hellip;<\/p>\n","protected":false},"author":2,"featured_media":5496,"comment_status":"closed","ping_status":"open","sticky":false,"template":"","format":"standard","meta":{"_lmt_disableupdate":"","_lmt_disable":"","_jetpack_memberships_contains_paid_content":false,"footnotes":""},"categories":[109,47],"tags":[970],"class_list":["post-5494","post","type-post","status-publish","format-standard","has-post-thumbnail","hentry","category-minuto-a-minuto","category-zona-gris","tag-asamblea-de-pueblos-en-defensa-del-territorio"],"jetpack_featured_media_url":"https:\/\/zonaroja.com.mx\/wp-content\/uploads\/2019\/11\/PHOTO-2019-11-06-19-48-47.jpg","jetpack_sharing_enabled":true,"_links":{"self":[{"href":"https:\/\/zonaroja.com.mx\/index.php?rest_route=\/wp\/v2\/posts\/5494","targetHints":{"allow":["GET"]}}],"collection":[{"href":"https:\/\/zonaroja.com.mx\/index.php?rest_route=\/wp\/v2\/posts"}],"about":[{"href":"https:\/\/zonaroja.com.mx\/index.php?rest_route=\/wp\/v2\/types\/post"}],"author":[{"embeddable":true,"href":"https:\/\/zonaroja.com.mx\/index.php?rest_route=\/wp\/v2\/users\/2"}],"replies":[{"embeddable":true,"href":"https:\/\/zonaroja.com.mx\/index.php?rest_route=%2Fwp%2Fv2%2Fcomments&post=5494"}],"version-history":[{"count":1,"href":"https:\/\/zonaroja.com.mx\/index.php?rest_route=\/wp\/v2\/posts\/5494\/revisions"}],"predecessor-version":[{"id":5497,"href":"https:\/\/zonaroja.com.mx\/index.php?rest_route=\/wp\/v2\/posts\/5494\/revisions\/5497"}],"wp:featuredmedia":[{"embeddable":true,"href":"https:\/\/zonaroja.com.mx\/index.php?rest_route=\/wp\/v2\/media\/5496"}],"wp:attachment":[{"href":"https:\/\/zonaroja.com.mx\/index.php?rest_route=%2Fwp%2Fv2%2Fmedia&parent=5494"}],"wp:term":[{"taxonomy":"category","embeddable":true,"href":"https:\/\/zonaroja.com.mx\/index.php?rest_route=%2Fwp%2Fv2%2Fcategories&post=5494"},{"taxonomy":"post_tag","embeddable":true,"href":"https:\/\/zonaroja.com.mx\/index.php?rest_route=%2Fwp%2Fv2%2Ftags&post=5494"}],"curies":[{"name":"wp","href":"https:\/\/api.w.org\/{rel}","templated":true}]}}