{"id":54942,"date":"2023-05-05T11:19:00","date_gmt":"2023-05-05T16:19:00","guid":{"rendered":"http:\/\/www.zonaroja.com.mx\/?p=54942"},"modified":"2023-05-05T09:20:26","modified_gmt":"2023-05-05T14:20:26","slug":"identifican-a-mujeres-asesinadas-en-oaxaca-hay-otra-con-balazo-en-la-cabeza","status":"publish","type":"post","link":"https:\/\/zonaroja.com.mx\/?p=54942","title":{"rendered":"Identifican a mujeres asesinadas en Oaxaca; hay otra con balazo en la cabeza"},"content":{"rendered":"\n<p>Ismael Garc\u00eda M.\/Zona Roja.<\/p>\n\n\n\n<p>Oaxaca de Ju\u00e1rez, Oax., a 5 de mayo de 2023.- Como Hortensia F. S., suplente de la Regidur\u00eda de Educaci\u00f3n, fue identificada la mujer asesinada la en la comunidad de La Conchuda, del municipio de San Agust\u00edn Loxicha, Oaxaca.<\/p>\n\n\n\n<p>Hasta ahora se desconoce qui\u00e9n o qui\u00e9nes ultimaron a la funcionaria del ayuntamiento, la tarde del pasado martes, por lo cual la autoridad municipal exige que a la brevedad se haga justicia.<\/p>\n\n\n\n<p>Por otra parte, la mujer ultimada a balazos anoche en El Tomatal, localidad de Santa Mar\u00eda Colotepec, respondi\u00f3 en vida al hombre de Emma S., de 28 a\u00f1os, de edad.<\/p>\n\n\n\n<p>Presuntamente fue asesinada por su ex pareja, quien adem\u00e1s lesion\u00f3 de gravedad a Aquileo R. L., de 33 a\u00f1os de edad.<\/p>\n\n\n\n<p>Mientras tanto, en el hospital general de Huautla de Jim\u00e9nez se debate entre la vida y la muerte una mujer de nombre Ofelia C. M., atacada a balazos el martes en la localidad de Pe\u00f1a Colorada, Eloxochitl\u00e1n de Flores Mag\u00f3n.<\/p>\n\n\n\n<p>De acuerdo con medios informativos locales, la mujer presenta una herida de bala en la cabeza, est\u00e1 grave de salud, intubada, y requiere ser trasladada a un hospital de especialidades de la ciudad de Oaxaca; sin embargo, hasta ahora no han tenido respuesta por parte de los Servicios de Salud.<\/p>\n\n\n\n<p>INDAGA FISCAL\u00cdA<\/p>\n\n\n\n<p>Por su parte, la Fiscal\u00eda General del Estado de Oaxaca (FGEO) inici\u00f3 una carpeta de investigaci\u00f3n bajo el Protocolo de Actuaci\u00f3n Ministerial, Pericial y Policial en el Delito de Feminicidio para el Estado, luego de tomar conocimiento del homicidio de una mujer, ocurrido el 3 de mayo de 2023, en la regi\u00f3n de la Costa.<\/p>\n\n\n\n<p>De acuerdo con las investigaciones iniciales, los hechos ocurrieron la ma\u00f1ana del pasado mi\u00e9rcoles, en un paraje de la localidad denominada La Conchuda, del municipio de San Agust\u00edn Loxicha, perteneciente al distrito de Pochutla.<\/p>\n\n\n\n<p>Despu\u00e9s de que la Fiscal\u00eda intervino ante el reporte del primer respondiente, la Vicefiscal\u00eda General de Control Regional se hizo cargo del caso y despleg\u00f3 personal multidisciplinario para realizar el procesamiento de la escena del crimen, en la b\u00fasqueda de indicios que ayuden en la resoluci\u00f3n del delito.<\/p>\n\n\n\n<p>En el lugar de los hechos localizaron el cuerpo de una mujer identificada como H. F. S., quien fue agredida con arma de fuego, derivado de lo cual perdi\u00f3 la vida. La v\u00edctima se dirig\u00eda al municipio de San Agust\u00edn Loxicha cuando sufri\u00f3 el ataque.<\/p>\n\n\n\n<p>La Fiscal\u00eda de Oaxaca realiza investigaciones con estricto apego a la perspectiva de g\u00e9nero en casos de agresiones contra mujeres, para abordar los casos de acuerdo a las particularidades<\/p>\n","protected":false},"excerpt":{"rendered":"<p>Ismael Garc\u00eda M.\/Zona Roja. Oaxaca de Ju\u00e1rez, Oax., a 5 de mayo de 2023.- Como&hellip;<\/p>\n","protected":false},"author":2,"featured_media":52577,"comment_status":"closed","ping_status":"open","sticky":false,"template":"","format":"standard","meta":{"_lmt_disableupdate":"","_lmt_disable":"","_jetpack_memberships_contains_paid_content":false,"footnotes":""},"categories":[109,51],"tags":[610],"class_list":["post-54942","post","type-post","status-publish","format-standard","has-post-thumbnail","hentry","category-minuto-a-minuto","category-zona-roja","tag-feminicidios-oaxaca"],"jetpack_featured_media_url":"https:\/\/zonaroja.com.mx\/wp-content\/uploads\/2023\/03\/Feministas-feminicidio-violencia-5-Consorcio.jpeg","jetpack_sharing_enabled":true,"_links":{"self":[{"href":"https:\/\/zonaroja.com.mx\/index.php?rest_route=\/wp\/v2\/posts\/54942","targetHints":{"allow":["GET"]}}],"collection":[{"href":"https:\/\/zonaroja.com.mx\/index.php?rest_route=\/wp\/v2\/posts"}],"about":[{"href":"https:\/\/zonaroja.com.mx\/index.php?rest_route=\/wp\/v2\/types\/post"}],"author":[{"embeddable":true,"href":"https:\/\/zonaroja.com.mx\/index.php?rest_route=\/wp\/v2\/users\/2"}],"replies":[{"embeddable":true,"href":"https:\/\/zonaroja.com.mx\/index.php?rest_route=%2Fwp%2Fv2%2Fcomments&post=54942"}],"version-history":[{"count":1,"href":"https:\/\/zonaroja.com.mx\/index.php?rest_route=\/wp\/v2\/posts\/54942\/revisions"}],"predecessor-version":[{"id":54943,"href":"https:\/\/zonaroja.com.mx\/index.php?rest_route=\/wp\/v2\/posts\/54942\/revisions\/54943"}],"wp:featuredmedia":[{"embeddable":true,"href":"https:\/\/zonaroja.com.mx\/index.php?rest_route=\/wp\/v2\/media\/52577"}],"wp:attachment":[{"href":"https:\/\/zonaroja.com.mx\/index.php?rest_route=%2Fwp%2Fv2%2Fmedia&parent=54942"}],"wp:term":[{"taxonomy":"category","embeddable":true,"href":"https:\/\/zonaroja.com.mx\/index.php?rest_route=%2Fwp%2Fv2%2Fcategories&post=54942"},{"taxonomy":"post_tag","embeddable":true,"href":"https:\/\/zonaroja.com.mx\/index.php?rest_route=%2Fwp%2Fv2%2Ftags&post=54942"}],"curies":[{"name":"wp","href":"https:\/\/api.w.org\/{rel}","templated":true}]}}