{"id":54949,"date":"2023-05-05T20:11:22","date_gmt":"2023-05-06T01:11:22","guid":{"rendered":"http:\/\/www.zonaroja.com.mx\/?p=54949"},"modified":"2023-05-05T20:11:29","modified_gmt":"2023-05-06T01:11:29","slug":"sin-permiso-sedena-realiza-audicion-en-sitio-historico-de-la-capita-iglesia-y-vecinos-se-quejan","status":"publish","type":"post","link":"https:\/\/zonaroja.com.mx\/?p=54949","title":{"rendered":"Sin permiso, Sedena realiza audici\u00f3n en sitio hist\u00f3rico de la capita; iglesia y vecinos se quejan"},"content":{"rendered":"\n<p>Yuridiana Sosa\/Zona Roja.<\/p>\n\n\n\n<p>Oaxaca de Ju\u00e1rez, Oax., a 5 de mayo de 2023.- Ante la realizaci\u00f3n de diversos actos p\u00fablicos alrededor del templo de San Domingo de Guzm\u00e1n, representantes de la iglesia cat\u00f3lica y vecinos del jard\u00edn \u201cEl Pa\u00f1uelito\u201d denunciaron el desinter\u00e9s del gobierno municipal por cuidar el patrimonio del Centro Hist\u00f3rico de Oaxaca, pues varios de ellos se realizan sin ning\u00fan tipo de permisos.<\/p>\n\n\n\n<p>Dichos actos, se\u00f1alaron, han causado una serie de afectaciones tangibles en los monumentos y espacios hist\u00f3ricos, as\u00ed como en el clima social, como el m\u00e1s reciente registrado este viernes por la instalaci\u00f3n de templetes y equipo para un concierto de la Secretar\u00eda de la Defensa Nacional en el atrio de la iglesia de Santo Domingo.<\/p>\n\n\n\n<p>El Prior del ex convento de Santo Domingo de Guzm\u00e1n, Alejandro Latap\u00ed, asever\u00f3 que el atrio de este recinto se confunde como una plaza p\u00fablica y no es as\u00ed, pues es parte del templo y por lo cual debe ser respetado.<\/p>\n\n\n\n<p>El impacto de la invasi\u00f3n del atrio es tal que en ocasiones hasta impide la plena realizaci\u00f3n de una misa, como ocurri\u00f3 esta ma\u00f1ana ante los martillazos para la colocaci\u00f3n de estructuras a pocos metros de la entrada de la iglesia, de lo cual no se dio ninguna autorizaci\u00f3n por parte del templo para esa actividad.<\/p>\n\n\n\n<p>Alejandro Latap\u00ed explic\u00f3 que un d\u00eda antes, representantes de la Sedena le avisaron de su evento, ante lo cual pidi\u00f3 fuera lo m\u00e1s alejado posible del atrio, pero no cumplieron ante la log\u00edstica propia y \u00f3rdenes superiores de ese organismo.<\/p>\n\n\n\n<p>\u201cSanto Domingo es un s\u00edmbolo religioso, es un \u00edcono, pero religioso y no se deben hacer cualquier tipo de eventos\u2026y la iglesia es un lugar de adoraci\u00f3n, no es un museo. Y eso incluye el atrio\u201d, asever\u00f3 el Superior del templo de Santo Domingo.<\/p>\n\n\n\n<figure class=\"wp-block-embed is-type-rich is-provider-twitter wp-block-embed-twitter\"><div class=\"wp-block-embed__wrapper\">\n<div class=\"twitter-tweet\"><blockquote class=\"twitter-tweet\" data-lang=\"es\"><p lang=\"es\" dir=\"ltr\"><a href=\"https:\/\/twitter.com\/hashtag\/ENVIVO?src=hash&amp;ref_src=twsrc%5Etfw\">#ENVIVO<\/a><br>El Prior del ex convento de Santo Domingo de Guzm\u00e1n, Alejandro Latap\u00ed,  y vecinos del jard\u00edn \u201cEl Pa\u00f1uelito\u201d expresan su inconformidad por las afectaciones de la audici\u00f3n de la <a href=\"https:\/\/twitter.com\/SEDENAmx?ref_src=twsrc%5Etfw\">@SEDENAmx<\/a> la tarde de hoy, que no cuenta con permiso ni del ayuntamiento ni de la iglesia;\u2026 <a href=\"https:\/\/t.co\/TOuAxn1YAw\">pic.twitter.com\/TOuAxn1YAw<\/a><\/p>&mdash; Zona Roja Oaxaca (@ZonaRoja_Oaxaca) <a href=\"https:\/\/twitter.com\/ZonaRoja_Oaxaca\/status\/1654569236336119808?ref_src=twsrc%5Etfw\">5 de mayo de 2023<\/a><\/blockquote><\/div>\n<\/div><\/figure>\n\n\n\n<p>MUCHO DESCUIDO<\/p>\n\n\n\n<p>El Prior del ex convento de Santo Domingo de Guzm\u00e1n asever\u00f3 que existe un descuido por parte de las autoridades para proteger el Centro Hist\u00f3rico, pues a su vez tambi\u00e9n es fuente de ingresos para los oaxaque\u00f1os.<\/p>\n\n\n\n<p>Recalc\u00f3 la desatinada opci\u00f3n que alrededor de Santo Domingo se instalen un sinf\u00edn de vendedores ambulantes, que haya protestas, cuando deber\u00eda ser una prioridad darle la importancia que tiene la representaci\u00f3n arquitect\u00f3nica para la atracci\u00f3n del turismo.<\/p>\n\n\n\n<p>Tanto el representante de la iglesia como los vecinos de \u201cEl Pa\u00f1uelito\u201d se\u00f1alaron la contaminaci\u00f3n auditiva en ese entorno, pero sobre todo el deterioro de la cantera, la contaminaci\u00f3n y pintas que se realizan ante la omisi\u00f3n de las autoridades para poner orden.<\/p>\n\n\n\n<p>El Superior religioso demand\u00f3 al gobierno de Francisco Mart\u00ednez Neri ver las necesidades reales de la ciudadan\u00eda y dejar de gobernar desde la lejan\u00eda.<\/p>\n\n\n\n<p>La colocaci\u00f3n de expo ventas de todo tipo ha generado desde la proliferaci\u00f3n de fauna nociva por los desechos que se generan y la instalaci\u00f3n de ba\u00f1os, incidentes con la energ\u00eda el\u00e9ctrica, riesgos para los transe\u00fantes por la mala colocaci\u00f3n de cables por todos lados, y el cierre de los accesos a sus domicilios.<\/p>\n\n\n\n<p>Por lo anterior, los vecinos anunciaron que se organizaron para demandar al gobierno de Mart\u00ednez Neri la prohibici\u00f3n de m\u00e1s instalaciones de expo ventas en esa zona.<\/p>\n\n\n\n<p>Aunque hasta el momento no hay respuesta positiva a su solicitud, continuar\u00e1n en la demanda de reuniones para exponer su problema y se ofrezca una soluci\u00f3n oportuna previo a la siguiente temporada vacacional.<\/p>\n\n\n\n<figure class=\"wp-block-embed is-type-rich is-provider-twitter wp-block-embed-twitter\"><div class=\"wp-block-embed__wrapper\">\n<div class=\"twitter-tweet\"><blockquote class=\"twitter-tweet\" data-lang=\"es\"><p lang=\"es\" dir=\"ltr\">El jard\u00edn \u201cEl Pa\u00f1uelito\u201d, calles aleda\u00f1as y zona de Santo Domingo de Guzm\u00e1n de la ciudad de Oaxaca, \u201cson tierra de nadie\u201d, lamentan los vecinos, que han buscado al edil <a href=\"https:\/\/twitter.com\/FMartinezNeri?ref_src=twsrc%5Etfw\">@FMartinezNeri<\/a> para que atienda y evite anarqu\u00eda. <a href=\"https:\/\/t.co\/JZ30f6K5D0\">pic.twitter.com\/JZ30f6K5D0<\/a><\/p>&mdash; Zona Roja Oaxaca (@ZonaRoja_Oaxaca) <a href=\"https:\/\/twitter.com\/ZonaRoja_Oaxaca\/status\/1654652129842446337?ref_src=twsrc%5Etfw\">6 de mayo de 2023<\/a><\/blockquote><\/div>\n<\/div><\/figure>\n","protected":false},"excerpt":{"rendered":"<p>Yuridiana Sosa\/Zona Roja. Oaxaca de Ju\u00e1rez, Oax., a 5 de mayo de 2023.- Ante la&hellip;<\/p>\n","protected":false},"author":2,"featured_media":54950,"comment_status":"closed","ping_status":"open","sticky":false,"template":"","format":"standard","meta":{"_lmt_disableupdate":"","_lmt_disable":"","_jetpack_memberships_contains_paid_content":false,"footnotes":""},"categories":[109,47],"tags":[148],"class_list":["post-54949","post","type-post","status-publish","format-standard","has-post-thumbnail","hentry","category-minuto-a-minuto","category-zona-gris","tag-oaxaca-de-juarez"],"jetpack_featured_media_url":"https:\/\/zonaroja.com.mx\/wp-content\/uploads\/2023\/05\/Concierto-Sedena-Santo-domingo.jpg","jetpack_sharing_enabled":true,"_links":{"self":[{"href":"https:\/\/zonaroja.com.mx\/index.php?rest_route=\/wp\/v2\/posts\/54949","targetHints":{"allow":["GET"]}}],"collection":[{"href":"https:\/\/zonaroja.com.mx\/index.php?rest_route=\/wp\/v2\/posts"}],"about":[{"href":"https:\/\/zonaroja.com.mx\/index.php?rest_route=\/wp\/v2\/types\/post"}],"author":[{"embeddable":true,"href":"https:\/\/zonaroja.com.mx\/index.php?rest_route=\/wp\/v2\/users\/2"}],"replies":[{"embeddable":true,"href":"https:\/\/zonaroja.com.mx\/index.php?rest_route=%2Fwp%2Fv2%2Fcomments&post=54949"}],"version-history":[{"count":1,"href":"https:\/\/zonaroja.com.mx\/index.php?rest_route=\/wp\/v2\/posts\/54949\/revisions"}],"predecessor-version":[{"id":54951,"href":"https:\/\/zonaroja.com.mx\/index.php?rest_route=\/wp\/v2\/posts\/54949\/revisions\/54951"}],"wp:featuredmedia":[{"embeddable":true,"href":"https:\/\/zonaroja.com.mx\/index.php?rest_route=\/wp\/v2\/media\/54950"}],"wp:attachment":[{"href":"https:\/\/zonaroja.com.mx\/index.php?rest_route=%2Fwp%2Fv2%2Fmedia&parent=54949"}],"wp:term":[{"taxonomy":"category","embeddable":true,"href":"https:\/\/zonaroja.com.mx\/index.php?rest_route=%2Fwp%2Fv2%2Fcategories&post=54949"},{"taxonomy":"post_tag","embeddable":true,"href":"https:\/\/zonaroja.com.mx\/index.php?rest_route=%2Fwp%2Fv2%2Ftags&post=54949"}],"curies":[{"name":"wp","href":"https:\/\/api.w.org\/{rel}","templated":true}]}}