{"id":54952,"date":"2023-05-05T20:23:44","date_gmt":"2023-05-06T01:23:44","guid":{"rendered":"http:\/\/www.zonaroja.com.mx\/?p=54952"},"modified":"2023-05-05T20:23:48","modified_gmt":"2023-05-06T01:23:48","slug":"la-oms-declaro-el-fin-de-la-emergencia-sanitaria-global-por-covid-19","status":"publish","type":"post","link":"https:\/\/zonaroja.com.mx\/?p=54952","title":{"rendered":"La OMS declar\u00f3 el fin de la emergencia sanitaria global por Covid-19"},"content":{"rendered":"\n<p>Redacci\u00f3n\/Zona Roja Cdmx.<\/p>\n\n\n\n<p>Ciudad de M\u00e9xico, a 5 de mayo de 2023.- La Organizaci\u00f3n Mundial de la Salud (OMS) puso fin a la emergencia de salud global por Covid-19 este viernes, al anunciar que es hora de que los pa\u00edses hagan la transici\u00f3n desde tratar al coronavirus como una emergencia a hacerlo como una enfermedad que lleg\u00f3 para quedarse y debe gestionarse como otras enfermedades infecciosas.<\/p>\n\n\n\n<p>La OMS indic\u00f3 que a pesar de que la fase de emergencia hab\u00eda terminado, la pandemia no ha llegado a su fin y destac\u00f3 picos recientes en contagios en el sureste asi\u00e1tico y Medio Oriente. La agencia de salud de Naciones Unidas afirma que miles de personas siguen muriendo por el virus cada semana.<\/p>\n\n\n\n<p>A\u00fan as\u00ed, \u201ces con gran esperanza que declaro que el Covid-19 ha terminado como una emergencia de salud global. Sin embargo, eso no significa que Covid-19 haya terminado como una amenaza para la salud global. La semana pasada, el Covid-19 se cobr\u00f3 una vida cada tres minutos, y esas son solo las muertes que conocemos\u201d, agreg\u00f3.<\/p>\n\n\n\n<p>\u201cEste virus lleg\u00f3 para quedarse. Todav\u00eda est\u00e1 matando y todav\u00eda est\u00e1 cambiando. Sigue existiendo el riesgo de que surjan nuevas variantes que provoquen nuevos aumentos en casos y muertes\u201d, admiti\u00f3. Advirti\u00f3 tambi\u00e9n que \u201clo peor que cualquier pa\u00eds podr\u00eda hacer ahora es usar esta noticia como una raz\u00f3n para bajar la guardia, desmantelar los sistemas (de salud) que ha construido o enviar el mensaje a su gente de que el Covid-19 no es motivo de preocupaci\u00f3n\u201d.<\/p>\n\n\n\n<p>\u201cLo que significa esta noticia es que es hora de que los pa\u00edses hagan la transici\u00f3n del modo de emergencia a la gesti\u00f3n del Covid-19 junto con otras enfermedades infecciosas\u201d, manifest\u00f3.<\/p>\n\n\n\n<p>La epidemia de Covid-19 fue declarada por la OMS una emergencia de salud p\u00fablica de preocupaci\u00f3n internacional el 30 de enero de 2020, aproximadamente un mes despu\u00e9s de que China informara sobre la aparici\u00f3n de un extra\u00f1o virus que estaba provocando neumon\u00edas de causa desconocida. La caracterizaci\u00f3n de pandemia lleg\u00f3 el 11 de marzo de ese a\u00f1o, ya que la epidemia se hab\u00eda extendido por varios pa\u00edses y continentes y r\u00e1pidamente lo hizo a todo el mundo.<\/p>\n\n\n\n<p>Esto gener\u00f3 un cambio radical en la vida de las personas, ya que se produjeron cierres de fronteras, restricciones de viajes, cierres de escuelas y universidades, confinamientos en todo el mundo para evitar la difusi\u00f3n del virus, hospitales colapsados por una multitud de enfermos, el uso generalizado de barbijos y la adopci\u00f3n de la distancia social.<\/p>\n\n\n\n<p>QU\u00c9 ES UNA EMERGENCIA<\/p>\n\n\n\n<p>La Organizaci\u00f3n Mundial de la Salud (OMS) utiliza el t\u00e9rmino \u201cemergencia de salud p\u00fablica de inter\u00e9s internacional\u201d (PHEIC, por sus siglas en ingl\u00e9s) cuando el brote de una enfermedad afecta a m\u00e1s de un pa\u00eds y se requiere una estrategia coordinada internacionalmente para enfrentarlo. Adem\u00e1s, debe tener un impacto serio en la salud p\u00fablica y ser \u201cinusual\u201d e \u201cinesperado\u201d. La decisi\u00f3n final sobre si habr\u00e1 o no una emergencia de salud p\u00fablica de inter\u00e9s internacional recae en el director general de la OMS, que actualmente es el et\u00edope Tedros Adhanom Ghebreyesus.<\/p>\n\n\n\n<p>Hasta ahora, la OMS convoc\u00f3 al comit\u00e9 de emergencia en contados casos. La medida se introdujo en 2004 para combatir la gripe aviar (H5N1) y en 2005 por el s\u00edndrome respiratorio agudo severo (SRAS). Este mecanismo tambi\u00e9n entr\u00f3 en vigencia en 2014 por un brote de poliomielitis, enfermedad que se cre\u00eda erradicada, y por la fiebre del \u00c9bola en \u00c1frica occidental. En 2016 se hizo por el virus Zika y en 2019 por la fiebre del \u00c9bola en la Rep\u00fablica Democr\u00e1tica del Congo. En 2020 se decidi\u00f3 hacerlo para frenar el avance de la pandemia de Covid-19.<\/p>\n\n\n\n<p>LAS CONSECUENCIAS<\/p>\n\n\n\n<p>La OMS estima que m\u00e1s de 650 millones de contagios se produjeron desde el inicio de la propagaci\u00f3n del virus SARS-CoV-2 y m\u00e1s de 6,6 millones de muertes han sido reportadas al organismo, aunque la agencia de Naciones Unidas reconoce que la cifra real es mucho m\u00e1s elevada.<\/p>\n\n\n\n<p>Desde diciembre de 2020 se comenz\u00f3 la distribuci\u00f3n de las primeras vacunas en todo el mundo. Si bien se han administrado 13.000 millones de vacunas a nivel global, los datos de la OMS indican que alrededor del 30% de la poblaci\u00f3n todav\u00eda no ha recibido una sola dosis.<\/p>\n\n\n\n<p>Los primeros casos de COVID-19 se detectaron en diciembre de 2019 en la ciudad china de Wuhan. Desde entonces, la OMS y varios pa\u00edses del mundo han solicitado a China que \u201ccomparta los datos\u201d sobre el origen del virus. \u201cTodas las hip\u00f3tesis siguen sobre la mesa\u201d, dijo recientemente el titular de la OMS, incluida la teor\u00eda de que el virus escap\u00f3 de un laboratorio de virolog\u00eda en Wuhan.<\/p>\n\n\n\n<p>La decisi\u00f3n de finalizar la emergencia sanitaria \u2014declarada el 30 de enero de 2020\u2014 se tom\u00f3 por consejo de un comit\u00e9 de expertos independientes, el llamado comit\u00e9 de emergencia COVID-19, que se reuni\u00f3 ayer, jueves.<\/p>\n\n\n\n<p>\u201cMientras hablamos, miles de personas en todo el mundo luchan por sus vidas en unidades de cuidados intensivos. Y millones m\u00e1s contin\u00faan viviendo con los efectos debilitantes de la condici\u00f3n post- COVID\u201c, sostuvo el director general de la OMS, Tedros Adhanom Ghebreyesus, durante una conferencia de prensa desde Ginebra.<\/p>\n\n\n\n<p>(Informaci\u00f3n de Infobae M\u00e9xico)<\/p>\n","protected":false},"excerpt":{"rendered":"<p>Redacci\u00f3n\/Zona Roja Cdmx. Ciudad de M\u00e9xico, a 5 de mayo de 2023.- La Organizaci\u00f3n Mundial&hellip;<\/p>\n","protected":false},"author":2,"featured_media":11625,"comment_status":"closed","ping_status":"open","sticky":false,"template":"","format":"standard","meta":{"_lmt_disableupdate":"","_lmt_disable":"","_jetpack_memberships_contains_paid_content":false,"footnotes":""},"categories":[109,46],"tags":[1510],"class_list":["post-54952","post","type-post","status-publish","format-standard","has-post-thumbnail","hentry","category-minuto-a-minuto","category-zona-blanca","tag-coronavirus-pandemia-global"],"jetpack_featured_media_url":"https:\/\/zonaroja.com.mx\/wp-content\/uploads\/2020\/04\/Cubrebocas2.jpg","jetpack_sharing_enabled":true,"_links":{"self":[{"href":"https:\/\/zonaroja.com.mx\/index.php?rest_route=\/wp\/v2\/posts\/54952","targetHints":{"allow":["GET"]}}],"collection":[{"href":"https:\/\/zonaroja.com.mx\/index.php?rest_route=\/wp\/v2\/posts"}],"about":[{"href":"https:\/\/zonaroja.com.mx\/index.php?rest_route=\/wp\/v2\/types\/post"}],"author":[{"embeddable":true,"href":"https:\/\/zonaroja.com.mx\/index.php?rest_route=\/wp\/v2\/users\/2"}],"replies":[{"embeddable":true,"href":"https:\/\/zonaroja.com.mx\/index.php?rest_route=%2Fwp%2Fv2%2Fcomments&post=54952"}],"version-history":[{"count":1,"href":"https:\/\/zonaroja.com.mx\/index.php?rest_route=\/wp\/v2\/posts\/54952\/revisions"}],"predecessor-version":[{"id":54953,"href":"https:\/\/zonaroja.com.mx\/index.php?rest_route=\/wp\/v2\/posts\/54952\/revisions\/54953"}],"wp:featuredmedia":[{"embeddable":true,"href":"https:\/\/zonaroja.com.mx\/index.php?rest_route=\/wp\/v2\/media\/11625"}],"wp:attachment":[{"href":"https:\/\/zonaroja.com.mx\/index.php?rest_route=%2Fwp%2Fv2%2Fmedia&parent=54952"}],"wp:term":[{"taxonomy":"category","embeddable":true,"href":"https:\/\/zonaroja.com.mx\/index.php?rest_route=%2Fwp%2Fv2%2Fcategories&post=54952"},{"taxonomy":"post_tag","embeddable":true,"href":"https:\/\/zonaroja.com.mx\/index.php?rest_route=%2Fwp%2Fv2%2Ftags&post=54952"}],"curies":[{"name":"wp","href":"https:\/\/api.w.org\/{rel}","templated":true}]}}