{"id":54961,"date":"2023-05-06T09:40:00","date_gmt":"2023-05-06T14:40:00","guid":{"rendered":"http:\/\/www.zonaroja.com.mx\/?p=54961"},"modified":"2023-05-06T08:12:20","modified_gmt":"2023-05-06T13:12:20","slug":"muere-individuo-baleado-en-puerto-angel-un-elemento-de-la-aei-herido","status":"publish","type":"post","link":"https:\/\/zonaroja.com.mx\/?p=54961","title":{"rendered":"Muere individuo baleado en Puerto \u00c1ngel; un elemento de la AEI herido"},"content":{"rendered":"\n<p>Redacci\u00f3n\/Zona Roja.<\/p>\n\n\n\n<p>Oaxaca de Ju\u00e1rez, Oax., a 6 de mayo de 2023.- Una persona que fue lesionada de bala en presunto enfrentamiento a balazos en Puerto \u00c1ngel, San Pedro Pochutla, muri\u00f3 en el hospital, mientras que un elemento de la Agencia Estatal de Investigaciones (AEI) que result\u00f3 herido, contin\u00faa internado.<\/p>\n\n\n\n<p>Los hechos ocurrieron la noche del pasado jueves, cuando agentes de la Fiscal\u00eda General del Estado acud\u00eda a aplicar una orden de aprehensi\u00f3n, pero fueron recibidos a balazos, por lo cual repelieron la agresi\u00f3n.<\/p>\n\n\n\n<p>Ello dej\u00f3 como resultado un elemento de la AEI lesionado, identificado como Gerardo A., mientras que el probable delincuente recibi\u00f3 varios disparos de arma de fuego, por lo cual fue llevado a un hospital de Pochutla, donde horas m\u00e1s tarde muri\u00f3.<\/p>\n\n\n\n<p>La Vicefiscal\u00eda Regional de la Costa, de la Fiscal\u00eda General del Estado, inici\u00f3 la Carpeta de Investigaci\u00f3n correspondiente, para deslindar responsabilidades.<\/p>\n","protected":false},"excerpt":{"rendered":"<p>Redacci\u00f3n\/Zona Roja. Oaxaca de Ju\u00e1rez, Oax., a 6 de mayo de 2023.- Una persona que&hellip;<\/p>\n","protected":false},"author":2,"featured_media":54962,"comment_status":"closed","ping_status":"open","sticky":false,"template":"","format":"standard","meta":{"_lmt_disableupdate":"","_lmt_disable":"","_jetpack_memberships_contains_paid_content":false,"footnotes":""},"categories":[109,51],"tags":[151],"class_list":["post-54961","post","type-post","status-publish","format-standard","has-post-thumbnail","hentry","category-minuto-a-minuto","category-zona-roja","tag-san-pedro-pochutla"],"jetpack_featured_media_url":"https:\/\/zonaroja.com.mx\/wp-content\/uploads\/2023\/05\/AEI-lesionado-Puerto-angel-y-un-muerto.jpeg","jetpack_sharing_enabled":true,"_links":{"self":[{"href":"https:\/\/zonaroja.com.mx\/index.php?rest_route=\/wp\/v2\/posts\/54961","targetHints":{"allow":["GET"]}}],"collection":[{"href":"https:\/\/zonaroja.com.mx\/index.php?rest_route=\/wp\/v2\/posts"}],"about":[{"href":"https:\/\/zonaroja.com.mx\/index.php?rest_route=\/wp\/v2\/types\/post"}],"author":[{"embeddable":true,"href":"https:\/\/zonaroja.com.mx\/index.php?rest_route=\/wp\/v2\/users\/2"}],"replies":[{"embeddable":true,"href":"https:\/\/zonaroja.com.mx\/index.php?rest_route=%2Fwp%2Fv2%2Fcomments&post=54961"}],"version-history":[{"count":1,"href":"https:\/\/zonaroja.com.mx\/index.php?rest_route=\/wp\/v2\/posts\/54961\/revisions"}],"predecessor-version":[{"id":54963,"href":"https:\/\/zonaroja.com.mx\/index.php?rest_route=\/wp\/v2\/posts\/54961\/revisions\/54963"}],"wp:featuredmedia":[{"embeddable":true,"href":"https:\/\/zonaroja.com.mx\/index.php?rest_route=\/wp\/v2\/media\/54962"}],"wp:attachment":[{"href":"https:\/\/zonaroja.com.mx\/index.php?rest_route=%2Fwp%2Fv2%2Fmedia&parent=54961"}],"wp:term":[{"taxonomy":"category","embeddable":true,"href":"https:\/\/zonaroja.com.mx\/index.php?rest_route=%2Fwp%2Fv2%2Fcategories&post=54961"},{"taxonomy":"post_tag","embeddable":true,"href":"https:\/\/zonaroja.com.mx\/index.php?rest_route=%2Fwp%2Fv2%2Ftags&post=54961"}],"curies":[{"name":"wp","href":"https:\/\/api.w.org\/{rel}","templated":true}]}}