{"id":54964,"date":"2023-05-06T12:00:00","date_gmt":"2023-05-06T17:00:00","guid":{"rendered":"http:\/\/www.zonaroja.com.mx\/?p=54964"},"modified":"2023-05-06T08:18:26","modified_gmt":"2023-05-06T13:18:26","slug":"reagrupa-el-pri-a-su-militancia-en-la-region-del-istmo","status":"publish","type":"post","link":"https:\/\/zonaroja.com.mx\/?p=54964","title":{"rendered":"Reagrupa el PRI a su militancia en la regi\u00f3n del Istmo"},"content":{"rendered":"\n<p>Redacci\u00f3n\/Zona Roja.<\/p>\n\n\n\n<p>Oaxaca de Ju\u00e1rez, Oax., a 6 de mayo de 2023.- Ex presidentes municipales, liderazgos y representantes de comit\u00e9s municipales del puerto de Salina Cruz, se reunieron con el presidente del Comit\u00e9 Directivo Estatal, Javier Villaca\u00f1a Jim\u00e9nez y el diputado Alejandro Avil\u00e9s \u00c1lvarez para consolidar la estrategia electoral en esta zona de la entidad.&nbsp;<\/p>\n\n\n\n<p>Durante una gira de trabajo por la regi\u00f3n del Istmo de Tehuantepec, Javier Villaca\u00f1a asegur\u00f3 que la experiencia y liderazgo de quienes durante d\u00e9cadas han cimentado los valores y principios del PRI, son claves para recuperar la grandeza del tricolor.<\/p>\n\n\n\n<p>Acompa\u00f1ado de los secretarios de Organizaci\u00f3n, Marco Antonio Hern\u00e1ndez Cuevas; de Vinculaci\u00f3n Empresarial y Emprendimiento, On\u00e9simo Bravo Hern\u00e1ndez, y de Acci\u00f3n Electoral, Orlando Acevedo Cisneros, as\u00ed como de la ex diputada Rosa Nidia Villalobos, el dirigente estatal del PRI asegur\u00f3 que seguir\u00e1 recorriendo las regiones para sumar esfuerzos por el engrandecimiento del partido hist\u00f3rico de M\u00e9xico.&nbsp;<\/p>\n\n\n\n<p>En este marco, la dirigencia del tricolor entreg\u00f3 reconocimientos a las participantes del curso de peinados istme\u00f1os, organizados por los gestores sociales C\u00e9sar del Mar Villalobos y Jos\u00e9 Luis Vel\u00e1zquez, buscando honrar como siempre su compromiso de preservar las tradiciones adem\u00e1s de generar espacios hacia el seno del partido y en su momento a la participaci\u00f3n pol\u00edtica para mujeres que ahora son nuevas militantes.<\/p>\n","protected":false},"excerpt":{"rendered":"<p>Redacci\u00f3n\/Zona Roja. Oaxaca de Ju\u00e1rez, Oax., a 6 de mayo de 2023.- Ex presidentes municipales,&hellip;<\/p>\n","protected":false},"author":2,"featured_media":54967,"comment_status":"closed","ping_status":"open","sticky":false,"template":"","format":"standard","meta":{"_lmt_disableupdate":"","_lmt_disable":"","_jetpack_memberships_contains_paid_content":false,"footnotes":""},"categories":[109,46],"tags":[2456],"class_list":["post-54964","post","type-post","status-publish","format-standard","has-post-thumbnail","hentry","category-minuto-a-minuto","category-zona-blanca","tag-javier-villacana-jimenez"],"jetpack_featured_media_url":"https:\/\/zonaroja.com.mx\/wp-content\/uploads\/2023\/05\/Gira-PRI-Villacana-Istmo.jpg","jetpack_sharing_enabled":true,"_links":{"self":[{"href":"https:\/\/zonaroja.com.mx\/index.php?rest_route=\/wp\/v2\/posts\/54964","targetHints":{"allow":["GET"]}}],"collection":[{"href":"https:\/\/zonaroja.com.mx\/index.php?rest_route=\/wp\/v2\/posts"}],"about":[{"href":"https:\/\/zonaroja.com.mx\/index.php?rest_route=\/wp\/v2\/types\/post"}],"author":[{"embeddable":true,"href":"https:\/\/zonaroja.com.mx\/index.php?rest_route=\/wp\/v2\/users\/2"}],"replies":[{"embeddable":true,"href":"https:\/\/zonaroja.com.mx\/index.php?rest_route=%2Fwp%2Fv2%2Fcomments&post=54964"}],"version-history":[{"count":1,"href":"https:\/\/zonaroja.com.mx\/index.php?rest_route=\/wp\/v2\/posts\/54964\/revisions"}],"predecessor-version":[{"id":54968,"href":"https:\/\/zonaroja.com.mx\/index.php?rest_route=\/wp\/v2\/posts\/54964\/revisions\/54968"}],"wp:featuredmedia":[{"embeddable":true,"href":"https:\/\/zonaroja.com.mx\/index.php?rest_route=\/wp\/v2\/media\/54967"}],"wp:attachment":[{"href":"https:\/\/zonaroja.com.mx\/index.php?rest_route=%2Fwp%2Fv2%2Fmedia&parent=54964"}],"wp:term":[{"taxonomy":"category","embeddable":true,"href":"https:\/\/zonaroja.com.mx\/index.php?rest_route=%2Fwp%2Fv2%2Fcategories&post=54964"},{"taxonomy":"post_tag","embeddable":true,"href":"https:\/\/zonaroja.com.mx\/index.php?rest_route=%2Fwp%2Fv2%2Ftags&post=54964"}],"curies":[{"name":"wp","href":"https:\/\/api.w.org\/{rel}","templated":true}]}}