{"id":54971,"date":"2023-05-06T13:21:00","date_gmt":"2023-05-06T18:21:00","guid":{"rendered":"http:\/\/www.zonaroja.com.mx\/?p=54971"},"modified":"2023-05-06T08:26:29","modified_gmt":"2023-05-06T13:26:29","slug":"participa-el-poder-judicial-en-acciones-para-erradicar-la-violencia-de-genero","status":"publish","type":"post","link":"https:\/\/zonaroja.com.mx\/?p=54971","title":{"rendered":"Participa el Poder Judicial en acciones para erradicar la violencia de g\u00e9nero"},"content":{"rendered":"\n<p>Redacci\u00f3n\/Zona Roja.<\/p>\n\n\n\n<p>Oaxaca de Ju\u00e1rez, Oax., a 6 de mayo de 2023.- Como parte de las acciones integrales que fortalezcan las estrategias encaminadas a erradicar la violencia de g\u00e9nero, pero, sobre todo, permitan reeducar a los hombres que la ejercen y brindar atenci\u00f3n especializada a mujeres, garantiz\u00e1ndoles el acceso a la justicia, el Poder Judicial del Estado, a trav\u00e9s de la Direcci\u00f3n de Derechos Humanos y el Centro de Justicia Alternativa, particip\u00f3 en la Quinta Jornada de Paz y Justicia para Mujeres, Adolescentes y Ni\u00f1as.<\/p>\n\n\n\n<p>Del 25 de abril al 2 de mayo pasado, se atendieron a los municipios de Zimatl\u00e1n de \u00c1lvarez, Ocotl\u00e1n de Morelos, Villa de Etla, Santa Cruz Xoxocotl\u00e1n y la Villa de Zaachila, de forma conjunta con diversas dependencias, como la Secretaria Ejecutiva del Sistema Estatal de Seguridad P\u00fablica, la Fiscal\u00eda General del Estado, la Defensor\u00eda P\u00fablica y la Secretar\u00eda de Seguridad P\u00fablica y Protecci\u00f3n Ciudadana.<\/p>\n\n\n\n<p>El Tribunal Superior de Justicia y el Consejo de la Judicatura, llevan a cabo estos trabajos encaminados a contribuir en la erradicaci\u00f3n de la violencia y la desigualdad de g\u00e9nero, as\u00ed como garantizar los derechos humanos de las mujeres en los diferentes municipios del estado.<\/p>\n\n\n\n<p>Por ello, personal especializado de ambas direcciones, a cargo del m\u00f3dulo de orientaci\u00f3n, apoyaron a habitantes y estudiantes que acudieron a la Jornada, con informaci\u00f3n respecto a los servicios en la instituci\u00f3n impartidora de justicia y los mecanismos alternativos de soluci\u00f3n de conflictos, adem\u00e1s de entregar material como tr\u00edpticos, folletos y carteles.<\/p>\n\n\n\n<p>En la atenci\u00f3n a los casos presentados en cada jornada, la instituci\u00f3n brinda puntual seguimiento con el objetivo de garantizar justicia y protecci\u00f3n a las mujeres.<\/p>\n\n\n\n<p>El Poder Judicial del Estado apoya las pol\u00edticas p\u00fablicas a favor de este sector de la poblaci\u00f3n y refrenda su compromiso para que este sector de la poblaci\u00f3n sea dotado de herramientas y conocimientos que les permitan detectar y actuar contra casos de violencia; asimismo, invita a la sociedad a sumarse en estas tareas que favorecen el desarrollo de la equidad e igualdad de g\u00e9nero.<\/p>\n","protected":false},"excerpt":{"rendered":"<p>Redacci\u00f3n\/Zona Roja. Oaxaca de Ju\u00e1rez, Oax., a 6 de mayo de 2023.- Como parte de&hellip;<\/p>\n","protected":false},"author":2,"featured_media":54966,"comment_status":"closed","ping_status":"open","sticky":false,"template":"","format":"standard","meta":{"_lmt_disableupdate":"","_lmt_disable":"","_jetpack_memberships_contains_paid_content":false,"footnotes":""},"categories":[109,46],"tags":[223],"class_list":["post-54971","post","type-post","status-publish","format-standard","has-post-thumbnail","hentry","category-minuto-a-minuto","category-zona-blanca","tag-poder-judicial-de-oaxaca"],"jetpack_featured_media_url":"https:\/\/zonaroja.com.mx\/wp-content\/uploads\/2023\/05\/Poder-Judicial-jornadas-de-paz.jpeg","jetpack_sharing_enabled":true,"_links":{"self":[{"href":"https:\/\/zonaroja.com.mx\/index.php?rest_route=\/wp\/v2\/posts\/54971","targetHints":{"allow":["GET"]}}],"collection":[{"href":"https:\/\/zonaroja.com.mx\/index.php?rest_route=\/wp\/v2\/posts"}],"about":[{"href":"https:\/\/zonaroja.com.mx\/index.php?rest_route=\/wp\/v2\/types\/post"}],"author":[{"embeddable":true,"href":"https:\/\/zonaroja.com.mx\/index.php?rest_route=\/wp\/v2\/users\/2"}],"replies":[{"embeddable":true,"href":"https:\/\/zonaroja.com.mx\/index.php?rest_route=%2Fwp%2Fv2%2Fcomments&post=54971"}],"version-history":[{"count":1,"href":"https:\/\/zonaroja.com.mx\/index.php?rest_route=\/wp\/v2\/posts\/54971\/revisions"}],"predecessor-version":[{"id":54972,"href":"https:\/\/zonaroja.com.mx\/index.php?rest_route=\/wp\/v2\/posts\/54971\/revisions\/54972"}],"wp:featuredmedia":[{"embeddable":true,"href":"https:\/\/zonaroja.com.mx\/index.php?rest_route=\/wp\/v2\/media\/54966"}],"wp:attachment":[{"href":"https:\/\/zonaroja.com.mx\/index.php?rest_route=%2Fwp%2Fv2%2Fmedia&parent=54971"}],"wp:term":[{"taxonomy":"category","embeddable":true,"href":"https:\/\/zonaroja.com.mx\/index.php?rest_route=%2Fwp%2Fv2%2Fcategories&post=54971"},{"taxonomy":"post_tag","embeddable":true,"href":"https:\/\/zonaroja.com.mx\/index.php?rest_route=%2Fwp%2Fv2%2Ftags&post=54971"}],"curies":[{"name":"wp","href":"https:\/\/api.w.org\/{rel}","templated":true}]}}