{"id":54976,"date":"2023-05-06T12:33:00","date_gmt":"2023-05-06T17:33:00","guid":{"rendered":"http:\/\/www.zonaroja.com.mx\/?p=54976"},"modified":"2023-05-06T08:36:49","modified_gmt":"2023-05-06T13:36:49","slug":"intenso-el-proselitismo-de-funcionarios-de-amlo-por-carrera-presidencial","status":"publish","type":"post","link":"https:\/\/zonaroja.com.mx\/?p=54976","title":{"rendered":"Intenso, el proselitismo de funcionarios de AMLO por carrera presidencial"},"content":{"rendered":"\n<p>Redacci\u00f3n\/Zona Roja Cdmx.<\/p>\n\n\n\n<p>Ciudad de M\u00e9xico, a 6 de mayo de 2023.- La carrera por la candidatura de Morena a la Presidencia en 2024 se increment\u00f3 esta semana entre los aspirantes, conocidos tambi\u00e9n como \u2018corcholatas\u2019,<\/p>\n\n\n\n<p>Esto luego de que se reportara que supuestamente el Presidente Andr\u00e9s Manuel L\u00f3pez Obrador pidi\u00f3 a funcionarios oficialistas que entre julio y agosto quedara definido el representante.<\/p>\n\n\n\n<p>El diario \u201cEl Pa\u00eds\u201d report\u00f3 que el viernes 28 de abril, cuando legisladores y \u2018corcholatas\u2019 se reunieron con L\u00f3pez Obrador en Palacio Nacional, este dio la instrucci\u00f3n de que en un lapso no mayor a tres meses se definiera al candidato de Morena y aliados, es decir, a finales de julio y principios de agosto, y m\u00e1s de un mes despu\u00e9s de las elecciones del Estado de M\u00e9xico y Coahuila, que ser\u00e1n el 4 de junio.<\/p>\n\n\n\n<p>La situaci\u00f3n hizo que el tema de las \u2018corcholatas\u2019 volviera a la conversaci\u00f3n, al grado de que Martha Delgado, quien fuera titular de la Subsecretar\u00eda para Asuntos Multilaterales y Derechos Humanos de la Secretar\u00eda de Relaciones Exteriores (SRE) anunciara la renuncia a su cargo para integrarse a la precampa\u00f1a del canciller Marcelo Ebrard.<\/p>\n\n\n\n<p>Ricardo Monreal, coordinador de Morena en el Senado y otro de los aspirantes a la Presidencia, dijo que se mantendr\u00e1 fiel a L\u00f3pez Obrador, y a lo largo de la semana se\u00f1al\u00f3 que estar\u00e1 de acuerdo con el resultado que salga en la encuesta, adem\u00e1s de que no competir\u00e1 por la Presidencia en otro partido de oposici\u00f3n.<\/p>\n\n\n\n<p>Claudia Sheinbaum, jefa de Gobierno de la Ciudad de M\u00e9xico, as\u00ed como Ebrard, salieron al interior de la Rep\u00fablica, y la mandataria fue recibida en Sinaloa por m\u00e1s de 12 mil personas, quienes la corearon como \u201cpresidenta\u201d.<\/p>\n\n\n\n<p>En la encuesta realizada por \u201cEl Financiero\u201d, publicada el pasado 11 de abril, la preferencia de la ciudadan\u00eda se volc\u00f3 con Claudia Sheinbaum:<\/p>\n\n\n\n<p>Claudia Sheinbaum: 32 por ciento.<\/p>\n\n\n\n<p>Marcelo Ebrard: 21 por ciento.<\/p>\n\n\n\n<p>Ad\u00e1n Augusto L\u00f3pez: 15 por ciento.<\/p>\n\n\n\n<p>Ricardo Monreal: 7 por ciento.<\/p>\n\n\n\n<p>Otra opci\u00f3n: 3 por ciento.<\/p>\n\n\n\n<p>Respecto a la opini\u00f3n favorable de la ciudadan\u00eda sobre las \u2018corcholatas\u2019 a la Presidencia, Sheinbaum tambi\u00e9n se llev\u00f3 las calificaciones m\u00e1s altas:<\/p>\n\n\n\n<p>Claudia Sheinbaum: 44 por ciento.<\/p>\n\n\n\n<p>Marcelo Ebrard: 35 por ciento.<\/p>\n\n\n\n<p>Ad\u00e1n Augusto L\u00f3pez: 29 por ciento.<\/p>\n\n\n\n<p>Ricardo Monreal: 24 por ciento.<\/p>\n\n\n\n<p>En cuanto a la opini\u00f3n defavorable, Ebrard fue el m\u00e1s \u2018golpeado\u2019, mientras que Ad\u00e1n Augusto L\u00f3pez fue el que sali\u00f3 mejor librado; sin embargo, es el menos conocido:<\/p>\n\n\n\n<p>Claudia Sheinbaum: 25 por ciento.<\/p>\n\n\n\n<p>Marcelo Ebrard: 31 por ciento.<\/p>\n\n\n\n<p>Ad\u00e1n Augusto L\u00f3pez: 24 por ciento.<\/p>\n\n\n\n<p>Ricardo Monreal: 25 por ciento.<\/p>\n\n\n\n<p>(Nota de \u201cEl Financiero\u201d, con informaci\u00f3n de \u201cEl Pa\u00eds\u201d).<\/p>\n","protected":false},"excerpt":{"rendered":"<p>Redacci\u00f3n\/Zona Roja Cdmx. Ciudad de M\u00e9xico, a 6 de mayo de 2023.- La carrera por&hellip;<\/p>\n","protected":false},"author":2,"featured_media":54977,"comment_status":"closed","ping_status":"open","sticky":false,"template":"","format":"standard","meta":{"_lmt_disableupdate":"","_lmt_disable":"","_jetpack_memberships_contains_paid_content":false,"footnotes":""},"categories":[1],"tags":[],"class_list":["post-54976","post","type-post","status-publish","format-standard","has-post-thumbnail","hentry","category-sin-categoria"],"jetpack_featured_media_url":"https:\/\/zonaroja.com.mx\/wp-content\/uploads\/2023\/05\/Corcholatas-de-AMLO-aspirantes-presidencia.jpeg","jetpack_sharing_enabled":true,"_links":{"self":[{"href":"https:\/\/zonaroja.com.mx\/index.php?rest_route=\/wp\/v2\/posts\/54976","targetHints":{"allow":["GET"]}}],"collection":[{"href":"https:\/\/zonaroja.com.mx\/index.php?rest_route=\/wp\/v2\/posts"}],"about":[{"href":"https:\/\/zonaroja.com.mx\/index.php?rest_route=\/wp\/v2\/types\/post"}],"author":[{"embeddable":true,"href":"https:\/\/zonaroja.com.mx\/index.php?rest_route=\/wp\/v2\/users\/2"}],"replies":[{"embeddable":true,"href":"https:\/\/zonaroja.com.mx\/index.php?rest_route=%2Fwp%2Fv2%2Fcomments&post=54976"}],"version-history":[{"count":1,"href":"https:\/\/zonaroja.com.mx\/index.php?rest_route=\/wp\/v2\/posts\/54976\/revisions"}],"predecessor-version":[{"id":54978,"href":"https:\/\/zonaroja.com.mx\/index.php?rest_route=\/wp\/v2\/posts\/54976\/revisions\/54978"}],"wp:featuredmedia":[{"embeddable":true,"href":"https:\/\/zonaroja.com.mx\/index.php?rest_route=\/wp\/v2\/media\/54977"}],"wp:attachment":[{"href":"https:\/\/zonaroja.com.mx\/index.php?rest_route=%2Fwp%2Fv2%2Fmedia&parent=54976"}],"wp:term":[{"taxonomy":"category","embeddable":true,"href":"https:\/\/zonaroja.com.mx\/index.php?rest_route=%2Fwp%2Fv2%2Fcategories&post=54976"},{"taxonomy":"post_tag","embeddable":true,"href":"https:\/\/zonaroja.com.mx\/index.php?rest_route=%2Fwp%2Fv2%2Ftags&post=54976"}],"curies":[{"name":"wp","href":"https:\/\/api.w.org\/{rel}","templated":true}]}}