{"id":5498,"date":"2019-11-06T22:22:47","date_gmt":"2019-11-07T04:22:47","guid":{"rendered":"http:\/\/www.zonaroja.com.mx\/?p=5498"},"modified":"2019-11-06T22:24:44","modified_gmt":"2019-11-07T04:24:44","slug":"el-dia-en-que-el-titular-de-la-sspo-rogo-a-diaz-pantoja-cesara-bloqueos","status":"publish","type":"post","link":"https:\/\/zonaroja.com.mx\/?p=5498","title":{"rendered":"El d\u00eda en que el titular de la SSPO rog\u00f3 a D\u00edaz Pantoja cesara bloqueos"},"content":{"rendered":"\n<p>Redacci\u00f3n\/Zona Roja.<\/p>\n\n\n\n<p>Oaxaca de Ju\u00e1rez, Oax., 6 de noviembre de 2019.-  Fue enviado por su superior a \u201cdialogar\u201d con la lideresa del transporte y mujer presuntamente vinculada al crimen organizado. Pero lleg\u00f3 rogando, con la cabeza agachada.<\/p>\n\n\n\n<p>\u201cVamos parejo pero es complejo, no\npodemos estar en todos lados tan contundente como quisi\u00e9ramos. <\/p>\n\n\n\n<p>\u201cAy\u00fadanos con esa parte del problema y\nsi es posible que valoren ustedes que nos den este espacio de oportunidad\nGuadalupe y que no afecten a m\u00e1s personas\u201d.<\/p>\n\n\n\n<p>Las s\u00faplicas, del titular de la\nSecretar\u00eda de Seguridad P\u00fablica de Oaxaca (SSPO), Ra\u00fal Ernesto Salcedo. <\/p>\n\n\n\n<p>La interlocutora, Guadalupe D\u00edaz Pantoja, dirigente de la Confederaci\u00f3n \u201cLibertad\u201d de Trabajadores de M\u00e9xico, que el a\u00f1o pasado mantuvo cruce de acusaciones con Jos\u00e9 Manuel Vera Salinas, de estar involucrados con el crimen organizado. Ella, familiar del ex capo Pedro D\u00edaz Parada.<\/p>\n\n\n\n<figure class=\"wp-block-embed-twitter wp-block-embed is-type-rich is-provider-twitter\"><div class=\"wp-block-embed__wrapper\">\n<div class=\"twitter-tweet\"><blockquote class=\"twitter-tweet\" data-lang=\"es\"><p lang=\"es\" dir=\"ltr\"><a href=\"https:\/\/twitter.com\/hashtag\/OaxacaGris?src=hash&amp;ref_src=twsrc%5Etfw\">#OaxacaGris<\/a><br>El titular de la <a href=\"https:\/\/twitter.com\/SSP_GobOax?ref_src=twsrc%5Etfw\">@SSP_GobOax<\/a>, Ra\u00fal Ernesto Salcedo, acudi\u00f3 hoy a Ciudad Judicial para rogarle a la dirigente de la Confederaci\u00f3n \u201cLibertad\u201d, Guadalupe D\u00edaz Pantoja, que por favor retire el bloqueo en estas instalaciones y en varios puntos del estado. Situaci\u00f3n, igual. <a href=\"https:\/\/t.co\/VinUXmecxC\">pic.twitter.com\/VinUXmecxC<\/a><\/p>&mdash; Zona Roja Oaxaca (@MexRoja) <a href=\"https:\/\/twitter.com\/MexRoja\/status\/1191824212593455110?ref_src=twsrc%5Etfw\">5 de noviembre de 2019<\/a><\/blockquote><\/div>\n<\/div><\/figure>\n\n\n\n<p>La noche del lunes, miembros de CATEM\nJoven y de \u201cLibertad\u201d protagonizaron un enfrentamiento de transportistas en la\nagencia de Dolores, ciudad de Oaxaca; el saldo, al menos tres lesionados y una\nunidad calcinada; desde ese momento bloquearon la Ciudad Judicial, oficinas de\ngobierno en Reyes Mantec\u00f3n, Coyotepec; as\u00ed se mantuvieron casi todo el martes.<\/p>\n\n\n\n<p>A eso lleg\u00f3 Ra\u00fal Ernesto Salcedo,\nenviado por su jefe Vera Salinas, a tratar de convencer a D\u00edaz Pantoja que\nretiraran el bloqueo, que se hab\u00eda extendido a las regiones Istmo, Cuenca y\nMixteca, entre otros.<\/p>\n\n\n\n<p>\u201cYa el Fiscal ya los est\u00e1 atendiendo,\nmi compromiso, si es posible, yo destinar\u00e9 una fuerza particular para la zona\nnorte de la capital, y estar ah\u00ed como ha sido siempre la disponibilidad nuestra\nde atender directamente cualquier situaci\u00f3n que haya.<\/p>\n\n\n\n<p>\u201cSi no atienden las llamadas a la\npolic\u00eda o la polic\u00eda no esta tan oportunamente como ustedes quisieran ll\u00e1menme,\nrep\u00f3rtenme el incidente y yo personalmente atender\u00e9 tal circunstancia\u201d, expon\u00eda\nel funcionario, con cuatro meses en el cargo.<\/p>\n\n\n\n<p>No conforme y ante la negativa del grupo manifestarse por retirarse del lugar, Salcedo Rosales insisti\u00f3 e incluso invoc\u00f3 la buena voluntad del grupo de transportistas adheridos a la Confederaci\u00f3n \u201cLibertad\u201d.<\/p>\n\n\n\n<figure class=\"wp-block-image\"><img decoding=\"async\" width=\"1024\" height=\"768\" src=\"http:\/\/www.zonaroja.com.mx\/wp-content\/uploads\/2019\/11\/Ra\u00fal-Ernesto-Salcedo-2-1024x768.jpg\" alt=\"\" class=\"wp-image-5499\" srcset=\"https:\/\/zonaroja.com.mx\/wp-content\/uploads\/2019\/11\/Ra\u00fal-Ernesto-Salcedo-2-1024x768.jpg 1024w, https:\/\/zonaroja.com.mx\/wp-content\/uploads\/2019\/11\/Ra\u00fal-Ernesto-Salcedo-2-300x225.jpg 300w, https:\/\/zonaroja.com.mx\/wp-content\/uploads\/2019\/11\/Ra\u00fal-Ernesto-Salcedo-2-768x576.jpg 768w, https:\/\/zonaroja.com.mx\/wp-content\/uploads\/2019\/11\/Ra\u00fal-Ernesto-Salcedo-2-1170x878.jpg 1170w, https:\/\/zonaroja.com.mx\/wp-content\/uploads\/2019\/11\/Ra\u00fal-Ernesto-Salcedo-2-585x439.jpg 585w, https:\/\/zonaroja.com.mx\/wp-content\/uploads\/2019\/11\/Ra\u00fal-Ernesto-Salcedo-2.jpg 1280w\" sizes=\"(max-width: 1024px) 100vw, 1024px\" \/><\/figure>\n\n\n\n<p>\u201cInsisto en pedirles su consideraci\u00f3n,\nsu entendimiento y la buena voluntad que siempre han tenido para que abran las\nv\u00edas de comunicaci\u00f3n y podamos seguir platicando\u201d, concluy\u00f3 sin \u00e9xito ya que el\nbloqueo permaneci\u00f3 algunas horas m\u00e1s en la zona.<\/p>\n\n\n\n<p>Guadalupe D\u00edaz Pantoja expuso los\nmotivos del bloqueo, que ya no solamente era por el enfrentamiento en Dolores,\nsino una larga lista de peticiones.<\/p>\n\n\n\n<p>Finalmente el funcionario se fue,\nacompa\u00f1ado de tres elementos de la Polic\u00eda Estatal el que se retir\u00f3 del lugar,\ncomo quedo registrado en las im\u00e1genes difundidas este martes. Horas m\u00e1s tarde,\nel bloqueo se retir\u00f3, sin que se revelaran los acuerdos cupulares entre las\npartes.<\/p>\n","protected":false},"excerpt":{"rendered":"<p>Redacci\u00f3n\/Zona Roja. Oaxaca de Ju\u00e1rez, Oax., 6 de noviembre de 2019.- Fue enviado por su&hellip;<\/p>\n","protected":false},"author":2,"featured_media":5500,"comment_status":"closed","ping_status":"open","sticky":false,"template":"","format":"standard","meta":{"_lmt_disableupdate":"","_lmt_disable":"","_jetpack_memberships_contains_paid_content":false,"footnotes":""},"categories":[109,47],"tags":[264,231],"class_list":["post-5498","post","type-post","status-publish","format-standard","has-post-thumbnail","hentry","category-minuto-a-minuto","category-zona-gris","tag-guadalupe-diaz-pantoja","tag-raul-ernesto-salcedo-rosales"],"jetpack_featured_media_url":"https:\/\/zonaroja.com.mx\/wp-content\/uploads\/2019\/11\/Ra\u00fal-Ernesto-Salcedo-1.jpg","jetpack_sharing_enabled":true,"_links":{"self":[{"href":"https:\/\/zonaroja.com.mx\/index.php?rest_route=\/wp\/v2\/posts\/5498","targetHints":{"allow":["GET"]}}],"collection":[{"href":"https:\/\/zonaroja.com.mx\/index.php?rest_route=\/wp\/v2\/posts"}],"about":[{"href":"https:\/\/zonaroja.com.mx\/index.php?rest_route=\/wp\/v2\/types\/post"}],"author":[{"embeddable":true,"href":"https:\/\/zonaroja.com.mx\/index.php?rest_route=\/wp\/v2\/users\/2"}],"replies":[{"embeddable":true,"href":"https:\/\/zonaroja.com.mx\/index.php?rest_route=%2Fwp%2Fv2%2Fcomments&post=5498"}],"version-history":[{"count":2,"href":"https:\/\/zonaroja.com.mx\/index.php?rest_route=\/wp\/v2\/posts\/5498\/revisions"}],"predecessor-version":[{"id":5502,"href":"https:\/\/zonaroja.com.mx\/index.php?rest_route=\/wp\/v2\/posts\/5498\/revisions\/5502"}],"wp:featuredmedia":[{"embeddable":true,"href":"https:\/\/zonaroja.com.mx\/index.php?rest_route=\/wp\/v2\/media\/5500"}],"wp:attachment":[{"href":"https:\/\/zonaroja.com.mx\/index.php?rest_route=%2Fwp%2Fv2%2Fmedia&parent=5498"}],"wp:term":[{"taxonomy":"category","embeddable":true,"href":"https:\/\/zonaroja.com.mx\/index.php?rest_route=%2Fwp%2Fv2%2Fcategories&post=5498"},{"taxonomy":"post_tag","embeddable":true,"href":"https:\/\/zonaroja.com.mx\/index.php?rest_route=%2Fwp%2Fv2%2Ftags&post=5498"}],"curies":[{"name":"wp","href":"https:\/\/api.w.org\/{rel}","templated":true}]}}