{"id":54994,"date":"2023-05-07T13:03:00","date_gmt":"2023-05-07T18:03:00","guid":{"rendered":"http:\/\/www.zonaroja.com.mx\/?p=54994"},"modified":"2023-05-07T08:13:25","modified_gmt":"2023-05-07T13:13:25","slug":"presidente-biden-justifica-despliegue-de-1500-soldados-en-la-frontera","status":"publish","type":"post","link":"https:\/\/zonaroja.com.mx\/?p=54994","title":{"rendered":"Presidente Biden justifica despliegue de 1,500 soldados en la frontera"},"content":{"rendered":"\n<p>Redacci\u00f3n\/Zona Roja Cdmx.<\/p>\n\n\n\n<p>Ciudad de M\u00e9xico, a 7 de mayo de 2023.- El Presidente Joe Biden defendi\u00f3 su decisi\u00f3n de enviar a mil 500 soldados a la frontera sur de Estados Unidos, ante lo que se espera sea un aumento hist\u00f3rico en el arribo de migrantes, ya que las restricciones para que no accedan al pa\u00eds por la pandemia de Covid-19, conocidas como T\u00edtulo 42, expiran el pr\u00f3ximo jueves.<\/p>\n\n\n\n<p>\u201cHe pedido ayuda a este Congreso en t\u00e9rminos de lo que necesitan en la frontera y requieren m\u00e1s agentes\u201d, coment\u00f3 Biden en entrevista con la cadena MSNBC, y asegur\u00f3: \u201cNecesitan m\u00e1s personal para despejar a la gente\u201d.<\/p>\n\n\n\n<p>Los mil 500 militares autorizados la semana pasada por orden ejecutiva de Biden se suman a los 2 mil 500 integrantes de la Guardia Nacional ya desplegados en la zona lim\u00edtrofe con M\u00e9xico.<\/p>\n\n\n\n<p>Los efectivos reci\u00e9n enviados est\u00e1n \u201call\u00ed para liberar a los agentes fronterizos que necesitan estar en la frontera. (\u2026) Y est\u00e1n llegando otras mil personas; son jueces de asilo para dictar sentencias que hagan avanzar las cosas\u201d, destac\u00f3.<\/p>\n\n\n\n<p>De acuerdo con la ley federal, las tropas en servicio activo no pueden hacer cumplir directamente las leyes estadunidenses, incluidas las de migraci\u00f3n. Dem\u00f3cratas y republicanos criticaron la medida, calific\u00e1ndola de teatro pol\u00edtico y acusaron al presidente de haber tenido a\u00f1os para idear una respuesta.<\/p>\n\n\n\n<p>La Casa Blanca inform\u00f3 que los militares se dedicar\u00e1n a tareas administrativas y de monitoreo para aligerar el trabajo a la Oficina de Aduanas y Protecci\u00f3n Fronteriza (CBP, por sus siglas en ingl\u00e9s) durante 90 d\u00edas, pero el lapso podr\u00eda alargarse.<\/p>\n\n\n\n<p>Los despliegues se producen cuando aumenta la cantidad de intentos de cruce antes de que finalice el T\u00edtulo 42 el pr\u00f3ximo 11 de mayo. La pol\u00edtica de la era de la pandemia ha permitido a la administraci\u00f3n de Biden expulsar r\u00e1pidamente a las personas gracias a una regla de salud que implement\u00f3 Donald Trump durante la emergencia sanitaria por el covid-19.<\/p>\n\n\n\n<p>Con m\u00faltiples declaraciones de emergencia por la ola migratoria en ciudades fronterizas y el anuncio de medidas de procesamiento de solicitudes de asilo m\u00e1s estrictas, anunciadas por el gobierno de Biden en abril pasado junto con la consigna constante de que \u201cla frontera est\u00e1 cerrada\u201d, el despliegue militar es parte de un esfuerzo no s\u00f3lo para abordar la crisis en la zona, sino tambi\u00e9n para contrarrestar las acusaciones republicanas de que los dem\u00f3cratas han perdido el control de la frontera.<\/p>\n\n\n\n<p>En abril pasado, la Patrulla Fronteriza detuvo a unos 183 mil indocumentados, de acuerdo con datos preliminares proporcionados a la agencia noticiosa Reuters por Brandon Judd, presidente del Consejo Nacional de ese cuerpo de vigilancia, un aumento de 13 por ciento desde marzo.<\/p>\n\n\n\n<p>M\u00e1s de 19 mil migrantes se encuentran recluidos actualmente en las instalaciones de la CBP, lo cual supera la capacidad en 200 por ciento, de acuerdo con Judd.<\/p>\n\n\n\n<p>Al hablar con la MSNBC, Biden argument\u00f3 que se necesitaba una respuesta legislativa y que depende del Congreso aprobar un proyecto de ley de migraci\u00f3n.<\/p>\n\n\n\n<p>El mandatario tambi\u00e9n pidi\u00f3 un camino para dar la ciudadan\u00eda a los j\u00f3venes migrantes que entraron al pa\u00eds de forma irregular cuando eran ni\u00f1os y que est\u00e1n en el programa de Acci\u00f3n Diferida para los Llegados en la Infancia (DACA, por sus siglas en ingl\u00e9s), y que alg\u00fan d\u00eda podr\u00edan enfrentar la deportaci\u00f3n. Las empresas estadunidenses han insistido que poner fin a este programa da\u00f1ar\u00eda la econom\u00eda.<\/p>\n\n\n\n<p>(Informaci\u00f3n de \u201cLa Jornada\u201d)<\/p>\n","protected":false},"excerpt":{"rendered":"<p>Redacci\u00f3n\/Zona Roja Cdmx. Ciudad de M\u00e9xico, a 7 de mayo de 2023.- El Presidente Joe&hellip;<\/p>\n","protected":false},"author":2,"featured_media":54995,"comment_status":"closed","ping_status":"open","sticky":false,"template":"","format":"standard","meta":{"_lmt_disableupdate":"","_lmt_disable":"","_jetpack_memberships_contains_paid_content":false,"footnotes":""},"categories":[109,47],"tags":[78],"class_list":["post-54994","post","type-post","status-publish","format-standard","has-post-thumbnail","hentry","category-minuto-a-minuto","category-zona-gris","tag-migrantes"],"jetpack_featured_media_url":"https:\/\/zonaroja.com.mx\/wp-content\/uploads\/2023\/05\/Migrantes-mexicanos-frontera-Estados-Unidos.webp","jetpack_sharing_enabled":true,"_links":{"self":[{"href":"https:\/\/zonaroja.com.mx\/index.php?rest_route=\/wp\/v2\/posts\/54994","targetHints":{"allow":["GET"]}}],"collection":[{"href":"https:\/\/zonaroja.com.mx\/index.php?rest_route=\/wp\/v2\/posts"}],"about":[{"href":"https:\/\/zonaroja.com.mx\/index.php?rest_route=\/wp\/v2\/types\/post"}],"author":[{"embeddable":true,"href":"https:\/\/zonaroja.com.mx\/index.php?rest_route=\/wp\/v2\/users\/2"}],"replies":[{"embeddable":true,"href":"https:\/\/zonaroja.com.mx\/index.php?rest_route=%2Fwp%2Fv2%2Fcomments&post=54994"}],"version-history":[{"count":1,"href":"https:\/\/zonaroja.com.mx\/index.php?rest_route=\/wp\/v2\/posts\/54994\/revisions"}],"predecessor-version":[{"id":54996,"href":"https:\/\/zonaroja.com.mx\/index.php?rest_route=\/wp\/v2\/posts\/54994\/revisions\/54996"}],"wp:featuredmedia":[{"embeddable":true,"href":"https:\/\/zonaroja.com.mx\/index.php?rest_route=\/wp\/v2\/media\/54995"}],"wp:attachment":[{"href":"https:\/\/zonaroja.com.mx\/index.php?rest_route=%2Fwp%2Fv2%2Fmedia&parent=54994"}],"wp:term":[{"taxonomy":"category","embeddable":true,"href":"https:\/\/zonaroja.com.mx\/index.php?rest_route=%2Fwp%2Fv2%2Fcategories&post=54994"},{"taxonomy":"post_tag","embeddable":true,"href":"https:\/\/zonaroja.com.mx\/index.php?rest_route=%2Fwp%2Fv2%2Ftags&post=54994"}],"curies":[{"name":"wp","href":"https:\/\/api.w.org\/{rel}","templated":true}]}}