{"id":54997,"date":"2023-05-07T12:00:00","date_gmt":"2023-05-07T17:00:00","guid":{"rendered":"http:\/\/www.zonaroja.com.mx\/?p=54997"},"modified":"2023-05-07T08:17:41","modified_gmt":"2023-05-07T13:17:41","slug":"anarquia-y-abandono-de-martinez-neri-a-vecinos-del-centro-historico","status":"publish","type":"post","link":"https:\/\/zonaroja.com.mx\/?p=54997","title":{"rendered":"Anarqu\u00eda y abandono de Mart\u00ednez Neri a vecinos del Centro Hist\u00f3rico"},"content":{"rendered":"\n<p>Yuridiana Sosa\/Zona Roja.<\/p>\n\n\n\n<p>Oaxaca de Ju\u00e1rez, Oax., a 7 de mayo de 2023.- Espacios que forman parte del templo de Santo Domingo de Guzm\u00e1n, el jard\u00edn \u201cEl Pa\u00f1uelito\u201d y sus calles colindantes, se han convertido en \u201ctierra de nadie\u201d, mientras que el gobierno de Francisco Mart\u00ednez Neri hace caso omiso a los llamados de los vecinos para frenar el deterioro de esa zona del Centro Hist\u00f3rico.<\/p>\n\n\n\n<p>Los vecinos de esa zona denunciaron este fin de semana que en diversas ocasiones le han expuesto a la autoridad municipal sobre los graves da\u00f1os que ocasiona la instalaci\u00f3n de diversas ferias y realizaci\u00f3n de actos masivos, pero sigue sin atender el caso.<\/p>\n\n\n\n<p>Apuntaron que el jueves pasado se reunieron con funcionarios del ayuntamiento, pero en esa ocasi\u00f3n como en otras se limitan a escuchar sin dar respuesta a la problem\u00e1tica, lo que resulta en una omisi\u00f3n.<\/p>\n\n\n\n<p>Los habitantes lamentaron que el gobierno de Mart\u00ednez Neri haga como que no pasa nada ante esa situaci\u00f3n, pues a pesar de otros llamados en los que han expuesto el caso, \u00e9stas vuelven a permitir la colocaci\u00f3n de puestos ambulantes o de expoventas, que en muchos casos tampoco son de aut\u00e9nticos artesanos de Oaxaca.<\/p>\n\n\n\n<p>La realizaci\u00f3n de diversos actos p\u00fablicos ha generado desde cortes temporales en la energ\u00eda el\u00e9ctrica ante el \u201crobo\u201d del servicio desde los registros de la CFE por parte de los que realizan los eventos, que en muchos casos sin permiso del propio gobierno municipal, hasta el desgaste de los propios inmuebles hist\u00f3ricos y del patrimonio cultural de Oaxaca, pues se martilla la cantera para la instalaci\u00f3n de estructuras.<\/p>\n\n\n\n<p>A eso se suma el da\u00f1o por la generaci\u00f3n de basura, instalaci\u00f3n de ba\u00f1os port\u00e1tiles, inseguridad y hasta pintas en paredes del templo de Santo Domingo de Guzm\u00e1n, de las que ninguna autoridad se hace cargo para la limpieza, permaneciendo por meses sobre el inmueble.<\/p>\n\n\n\n<p>LUCHA PROPIA<\/p>\n\n\n\n<p>Los vecinos destacaron que ante la apat\u00eda de la autoridad se organizan para el rescate y cuidado de esos espacios.<\/p>\n\n\n\n<p>Para ello, apuntaron, insistir\u00e1n en que el gobierno constante los da\u00f1os y no permita la instalaci\u00f3n de puestos o realizaci\u00f3n de actos masivos que puedan da\u00f1ar el espacio hist\u00f3rico, as\u00ed como en coordinaci\u00f3n con la Polic\u00eda Vial realizar\u00e1n la pinta de cebras peatonales.<\/p>\n","protected":false},"excerpt":{"rendered":"<p>Yuridiana Sosa\/Zona Roja. Oaxaca de Ju\u00e1rez, Oax., a 7 de mayo de 2023.- Espacios que&hellip;<\/p>\n","protected":false},"author":2,"featured_media":48903,"comment_status":"closed","ping_status":"open","sticky":false,"template":"","format":"standard","meta":{"_lmt_disableupdate":"","_lmt_disable":"","_jetpack_memberships_contains_paid_content":false,"footnotes":""},"categories":[109,47],"tags":[2418],"class_list":["post-54997","post","type-post","status-publish","format-standard","has-post-thumbnail","hentry","category-minuto-a-minuto","category-zona-gris","tag-francisco-martinez-neri"],"jetpack_featured_media_url":"https:\/\/zonaroja.com.mx\/wp-content\/uploads\/2022\/12\/Ambulantes-Santo-Domingo-ciudad-Oaxaca.jpg","jetpack_sharing_enabled":true,"_links":{"self":[{"href":"https:\/\/zonaroja.com.mx\/index.php?rest_route=\/wp\/v2\/posts\/54997","targetHints":{"allow":["GET"]}}],"collection":[{"href":"https:\/\/zonaroja.com.mx\/index.php?rest_route=\/wp\/v2\/posts"}],"about":[{"href":"https:\/\/zonaroja.com.mx\/index.php?rest_route=\/wp\/v2\/types\/post"}],"author":[{"embeddable":true,"href":"https:\/\/zonaroja.com.mx\/index.php?rest_route=\/wp\/v2\/users\/2"}],"replies":[{"embeddable":true,"href":"https:\/\/zonaroja.com.mx\/index.php?rest_route=%2Fwp%2Fv2%2Fcomments&post=54997"}],"version-history":[{"count":1,"href":"https:\/\/zonaroja.com.mx\/index.php?rest_route=\/wp\/v2\/posts\/54997\/revisions"}],"predecessor-version":[{"id":54998,"href":"https:\/\/zonaroja.com.mx\/index.php?rest_route=\/wp\/v2\/posts\/54997\/revisions\/54998"}],"wp:featuredmedia":[{"embeddable":true,"href":"https:\/\/zonaroja.com.mx\/index.php?rest_route=\/wp\/v2\/media\/48903"}],"wp:attachment":[{"href":"https:\/\/zonaroja.com.mx\/index.php?rest_route=%2Fwp%2Fv2%2Fmedia&parent=54997"}],"wp:term":[{"taxonomy":"category","embeddable":true,"href":"https:\/\/zonaroja.com.mx\/index.php?rest_route=%2Fwp%2Fv2%2Fcategories&post=54997"},{"taxonomy":"post_tag","embeddable":true,"href":"https:\/\/zonaroja.com.mx\/index.php?rest_route=%2Fwp%2Fv2%2Ftags&post=54997"}],"curies":[{"name":"wp","href":"https:\/\/api.w.org\/{rel}","templated":true}]}}