{"id":55001,"date":"2023-05-07T15:00:00","date_gmt":"2023-05-07T20:00:00","guid":{"rendered":"http:\/\/www.zonaroja.com.mx\/?p=55001"},"modified":"2023-05-07T09:01:14","modified_gmt":"2023-05-07T14:01:14","slug":"ya-suman-ocho-mexicanos-los-mas-buscados-por-la-dea","status":"publish","type":"post","link":"https:\/\/zonaroja.com.mx\/?p=55001","title":{"rendered":"Ya suman ocho mexicanos los m\u00e1s buscados por la DEA"},"content":{"rendered":"\n<p>Redacci\u00f3n\/Zona Roja Cdmx.<\/p>\n\n\n\n<p>Ciudad de M\u00e9xico, a 7 de mayo de 2023.- La Administraci\u00f3n para el Control de Drogas (DEA) sum\u00f3 una nueva persona a su lista de los m\u00e1s buscados. Se trata de Alan Gabriel N\u00fa\u00f1ez Herrera, que ahora es el octavo mexicano en su conteo.<\/p>\n\n\n\n<p>La lista de \u201cmost wanted\u201d o m\u00e1s buscados por la DEA la encabeza actualmente&nbsp;Yulan Adonay Archaga Carias, de Honduras, quien ha sido se\u00f1alado de ser el presunto l\u00edder de los&nbsp;Mara Salvatrucha.<\/p>\n\n\n\n<p>Y el segundo en la lista es&nbsp;Chuen Yip, traficante chino quien presuntamente es proveedor de fentanilo&nbsp;del&nbsp;C\u00e1rtel de Sinaloa.<\/p>\n\n\n\n<p>Alan Gabriel es se\u00f1alado por autoridades de Estados Unidos por presuntamente ser traficante de&nbsp;fentanilo&nbsp;y trabajar para el grupo de&nbsp;\u2018Los Chapitos\u2019.<\/p>\n\n\n\n<p>La&nbsp;DEA&nbsp;ofrece hasta un mill\u00f3n de d\u00f3lares por Alan Gabriel, quien es acusado de presuntos delitos como conspiraci\u00f3n de importaci\u00f3n de fentanilo, posesi\u00f3n de ametralladoras y dispositivos destructivos, y conspiraci\u00f3n de lavado de dinero.<\/p>\n\n\n\n<p>El hijo de Joaqu\u00edn \u2018El Chapo\u2019 Guzm\u00e1n,&nbsp;Iv\u00e1n Archivaldo, es el mexicano principal buscado por la&nbsp;DEA, de acuerdo con la lista.<\/p>\n\n\n\n<p>Este s\u00e1bado, la&nbsp;DEA&nbsp;ha informado que ofrece una recompensa de 10 millones de d\u00f3lares para la captura de&nbsp;Iv\u00e1n Archivaldo, conocido como&nbsp;\u2018El Chapito\u2019.<\/p>\n\n\n\n<p>\u00c9l ha sido acusado por conspiraci\u00f3n de posesi\u00f3n de drogas para distribuirlas; intento de conspiraci\u00f3n para importar sustancias controladas; y exportaci\u00f3n de sustancias controladas con la intenci\u00f3n de distribuirlas.<\/p>\n\n\n\n<p>Presuntamente, Carlos Omar F\u00e9lix es operador de laboratorios clandestinos de&nbsp;fentanilo&nbsp;y es miembro del&nbsp;C\u00e1rtel de Sinaloa.<\/p>\n\n\n\n<p>Es se\u00f1alado por autoridades de EU por los siguientes delitos: Conspiraci\u00f3n de importaci\u00f3n de fentanilo, conspiraci\u00f3n de tr\u00e1fico de fentanilo, posesi\u00f3n de ametralladoras y dispositivos destructivos, conspiraci\u00f3n para poseer ametralladoras y dispositivos destructivos, y conspiraci\u00f3n de lavado de dinero.<\/p>\n\n\n\n<p>Es se\u00f1alado por operar laboratorios clandestinos de&nbsp;fentanilo&nbsp;para el&nbsp;C\u00e1rtel de Sinaloa. Enfrenta las mismas acusaciones que Carlos Omar.<\/p>\n\n\n\n<p>El Departamento de Estado de EU report\u00f3 en marzo de 2023 que Francisco Mariano y otra persona fueron detenidos por la polic\u00eda de Colombia cuando desembarcaban de un vuelo comercial en Bogot\u00e1. Est\u00e1 bajo custodia y en espera de una posible extradici\u00f3n.<\/p>\n\n\n\n<p>Liborio, alias \u2018Karateca\u2019, es se\u00f1alado como traficante de&nbsp;fentanilo&nbsp;del&nbsp;C\u00e1rtel de Sinaloa.<\/p>\n\n\n\n<p>En EU es acusado por cargos relacionados con posesi\u00f3n de ametralladoras, conspiraci\u00f3n para importar fentanilo y lavado de dinero, entre otras cosas.<\/p>\n\n\n\n<p>Nemesio Oseguera,&nbsp;\u2018El Mencho\u2019, es conocido por presuntamente fundar y ser l\u00edder del C\u00e1rtel Jalisco Nueva Generaci\u00f3n (CJNG).<\/p>\n\n\n\n<p>En EU, ha sido acusado por cargos relacionados con crimen organizado.<\/p>\n\n\n\n<p>Ismael&nbsp;\u2018El Mayo\u2019 Zambada&nbsp;es uno de los presuntos&nbsp;fundadores del C\u00e1rtel de Sinaloa. Es uno de los narcotraficantes m\u00e1s famosos, con m\u00e1s de 40 a\u00f1os en el crimen organizado y nunca ha sido aprehendido por las autoridades.<\/p>\n\n\n\n<p>Tambi\u00e9n es conocido como \u2018M-Z\u2019 y \u2018Padrino\u2019. Por a\u00f1os ha acumulado acusaciones en cortes de Estados Unidos.<\/p>\n\n\n\n<p>Su hijo,&nbsp;Vicente Zambada&nbsp;Niebla, fue arrestado; en 2019, un juez de Chicago le dict\u00f3 una condena de 15 a\u00f1os de prisi\u00f3n a \u2018El Vicentillo\u2019, quien fue testigo clave en el juicio contra \u2018El Chapo\u2019.<\/p>\n\n\n\n<p>Jes\u00fas Alfredo, hijo de \u2018El Chapo\u2019 y hermano de Iv\u00e1n Archivaldo, ha sido se\u00f1alado por compartir roles de liderazgo en el C\u00e1rtel de Sinaloa.<\/p>\n\n\n\n<p>Ha sido se\u00f1alado en EU por operaciones relacionadas con tr\u00e1fico de&nbsp;fentanilo&nbsp;y otras sustancias como coca\u00edna, hero\u00edna, metanfetamina y mariguana.<\/p>\n\n\n\n<p>La autoridad de EU ha dicho que Iv\u00e1n Archivaldo, Jes\u00fas Alfredo y sus medios hermanos Ovidio y Joaqu\u00edn,&nbsp;\u2018Los Chapitos\u2019, comparten las responsabilidades del c\u00e1rtel.<\/p>\n\n\n\n<p>(Informaci\u00f3n de \u201cEl Financiero\u201d)<\/p>\n","protected":false},"excerpt":{"rendered":"<p>Redacci\u00f3n\/Zona Roja Cdmx. Ciudad de M\u00e9xico, a 7 de mayo de 2023.- La Administraci\u00f3n para&hellip;<\/p>\n","protected":false},"author":2,"featured_media":54991,"comment_status":"closed","ping_status":"open","sticky":false,"template":"","format":"standard","meta":{"_lmt_disableupdate":"","_lmt_disable":"","_jetpack_memberships_contains_paid_content":false,"footnotes":""},"categories":[109,47],"tags":[3487],"class_list":["post-55001","post","type-post","status-publish","format-standard","has-post-thumbnail","hentry","category-minuto-a-minuto","category-zona-gris","tag-departamento-antidrogas-eu-dea"],"jetpack_featured_media_url":"https:\/\/zonaroja.com.mx\/wp-content\/uploads\/2023\/05\/Buscados-por-DEA-en-Mexico.jpeg","jetpack_sharing_enabled":true,"_links":{"self":[{"href":"https:\/\/zonaroja.com.mx\/index.php?rest_route=\/wp\/v2\/posts\/55001","targetHints":{"allow":["GET"]}}],"collection":[{"href":"https:\/\/zonaroja.com.mx\/index.php?rest_route=\/wp\/v2\/posts"}],"about":[{"href":"https:\/\/zonaroja.com.mx\/index.php?rest_route=\/wp\/v2\/types\/post"}],"author":[{"embeddable":true,"href":"https:\/\/zonaroja.com.mx\/index.php?rest_route=\/wp\/v2\/users\/2"}],"replies":[{"embeddable":true,"href":"https:\/\/zonaroja.com.mx\/index.php?rest_route=%2Fwp%2Fv2%2Fcomments&post=55001"}],"version-history":[{"count":1,"href":"https:\/\/zonaroja.com.mx\/index.php?rest_route=\/wp\/v2\/posts\/55001\/revisions"}],"predecessor-version":[{"id":55002,"href":"https:\/\/zonaroja.com.mx\/index.php?rest_route=\/wp\/v2\/posts\/55001\/revisions\/55002"}],"wp:featuredmedia":[{"embeddable":true,"href":"https:\/\/zonaroja.com.mx\/index.php?rest_route=\/wp\/v2\/media\/54991"}],"wp:attachment":[{"href":"https:\/\/zonaroja.com.mx\/index.php?rest_route=%2Fwp%2Fv2%2Fmedia&parent=55001"}],"wp:term":[{"taxonomy":"category","embeddable":true,"href":"https:\/\/zonaroja.com.mx\/index.php?rest_route=%2Fwp%2Fv2%2Fcategories&post=55001"},{"taxonomy":"post_tag","embeddable":true,"href":"https:\/\/zonaroja.com.mx\/index.php?rest_route=%2Fwp%2Fv2%2Ftags&post=55001"}],"curies":[{"name":"wp","href":"https:\/\/api.w.org\/{rel}","templated":true}]}}