{"id":55005,"date":"2023-05-07T18:14:38","date_gmt":"2023-05-07T23:14:38","guid":{"rendered":"http:\/\/www.zonaroja.com.mx\/?p=55005"},"modified":"2023-05-07T18:14:42","modified_gmt":"2023-05-07T23:14:42","slug":"medico-de-70-anos-el-ciclista-atropellado-y-muerto-en-oaxaca","status":"publish","type":"post","link":"https:\/\/zonaroja.com.mx\/?p=55005","title":{"rendered":"M\u00e9dico, de 70 a\u00f1os, el ciclista atropellado y muerto en Oaxaca"},"content":{"rendered":"\n<p>Redacci\u00f3n\/Zona Roja.<\/p>\n\n\n\n<p>Oaxaca de Ju\u00e1rez, Oax., a 7 de mayo de 2023.- Como Pedro Rafael Constantino Garc\u00eda, de aproximadamente 70 a\u00f1os de edad y m\u00e9dico de profesi\u00f3n, fue identificada la persona atropellada y muerta esta ma\u00f1ana en la carretera federal 175 Oaxaca-Tuxtepec.<\/p>\n\n\n\n<p>En el lugar de los hechos, jurisdicci\u00f3n del municipio de San Agust\u00edn Yatareni, fue result\u00f3 lesionado tambi\u00e9n otro ciclista, identificado como Jos\u00e9 Jim\u00e9nez, de 55 a\u00f1os de edad, quien fue trasladado a un hospital.<\/p>\n\n\n\n<p>El percance ocurri\u00f3 minutos despu\u00e9s de las 08:00 horas de este domingo, en que el chofer de una camioneta marca Nissan, tipo Kicks, con placas de circulaci\u00f3n TLY-8586, arroll\u00f3 a los dos ciclistas.<\/p>\n\n\n\n<p>Al parecer el probable responsable del percance, identificado como Ra\u00fal J. Y., manejaba en estado de ebriedad, por lo que no pudo darse a la fuga, por lo cual elementos de la polic\u00eda municipal de San Agust\u00edn Yatareni lograron capturarlo y entregarlo a las autoridades ministeriales.<\/p>\n\n\n\n<p>Personal de la Agencia Estatal de Investigaciones y peritos de la Fiscal\u00eda General del Estado de Oaxaca arribaron al sitio para realizar las indagatorias correspondientes, a fin de deslindar responsabilidades.<\/p>\n\n\n\n<figure class=\"wp-block-embed is-type-rich is-provider-twitter wp-block-embed-twitter\"><div class=\"wp-block-embed__wrapper\">\n<div class=\"twitter-tweet\"><blockquote class=\"twitter-tweet\" data-lang=\"es\"><p lang=\"es\" dir=\"ltr\"><a href=\"https:\/\/twitter.com\/hashtag\/ENVIVO?src=hash&amp;ref_src=twsrc%5Etfw\">#ENVIVO<\/a><br>San Agust\u00edn Yatareni, Oax., a 7 de mayo de 2023.- Dos ciclistas fueron atropellados en la carretera <a href=\"https:\/\/twitter.com\/hashtag\/Oaxaca?src=hash&amp;ref_src=twsrc%5Etfw\">#Oaxaca<\/a>-Tuxtepec, en jurisdicci\u00f3n de Yatareni, uno de los cuales falleci\u00f3. El probable responsable fue detenido y su camioneta asegurada. <br>\ud83d\udc47<a href=\"https:\/\/t.co\/uJwRcrMZWa\">https:\/\/t.co\/uJwRcrMZWa<\/a> <a href=\"https:\/\/t.co\/y6QYmpq2YC\">pic.twitter.com\/y6QYmpq2YC<\/a><\/p>&mdash; Zona Roja Oaxaca (@ZonaRoja_Oaxaca) <a href=\"https:\/\/twitter.com\/ZonaRoja_Oaxaca\/status\/1655247748650655747?ref_src=twsrc%5Etfw\">7 de mayo de 2023<\/a><\/blockquote><\/div>\n<\/div><\/figure>\n","protected":false},"excerpt":{"rendered":"<p>Redacci\u00f3n\/Zona Roja. Oaxaca de Ju\u00e1rez, Oax., a 7 de mayo de 2023.- Como Pedro Rafael&hellip;<\/p>\n","protected":false},"author":2,"featured_media":55007,"comment_status":"closed","ping_status":"open","sticky":false,"template":"","format":"standard","meta":{"_lmt_disableupdate":"","_lmt_disable":"","_jetpack_memberships_contains_paid_content":false,"footnotes":""},"categories":[109,47],"tags":[3535],"class_list":["post-55005","post","type-post","status-publish","format-standard","has-post-thumbnail","hentry","category-minuto-a-minuto","category-zona-gris","tag-san-agustin-yatareni"],"jetpack_featured_media_url":"https:\/\/zonaroja.com.mx\/wp-content\/uploads\/2023\/05\/Ciclistas-atropellados-carretera-a-Tuxtepec-Yatareni.jpg","jetpack_sharing_enabled":true,"_links":{"self":[{"href":"https:\/\/zonaroja.com.mx\/index.php?rest_route=\/wp\/v2\/posts\/55005","targetHints":{"allow":["GET"]}}],"collection":[{"href":"https:\/\/zonaroja.com.mx\/index.php?rest_route=\/wp\/v2\/posts"}],"about":[{"href":"https:\/\/zonaroja.com.mx\/index.php?rest_route=\/wp\/v2\/types\/post"}],"author":[{"embeddable":true,"href":"https:\/\/zonaroja.com.mx\/index.php?rest_route=\/wp\/v2\/users\/2"}],"replies":[{"embeddable":true,"href":"https:\/\/zonaroja.com.mx\/index.php?rest_route=%2Fwp%2Fv2%2Fcomments&post=55005"}],"version-history":[{"count":1,"href":"https:\/\/zonaroja.com.mx\/index.php?rest_route=\/wp\/v2\/posts\/55005\/revisions"}],"predecessor-version":[{"id":55008,"href":"https:\/\/zonaroja.com.mx\/index.php?rest_route=\/wp\/v2\/posts\/55005\/revisions\/55008"}],"wp:featuredmedia":[{"embeddable":true,"href":"https:\/\/zonaroja.com.mx\/index.php?rest_route=\/wp\/v2\/media\/55007"}],"wp:attachment":[{"href":"https:\/\/zonaroja.com.mx\/index.php?rest_route=%2Fwp%2Fv2%2Fmedia&parent=55005"}],"wp:term":[{"taxonomy":"category","embeddable":true,"href":"https:\/\/zonaroja.com.mx\/index.php?rest_route=%2Fwp%2Fv2%2Fcategories&post=55005"},{"taxonomy":"post_tag","embeddable":true,"href":"https:\/\/zonaroja.com.mx\/index.php?rest_route=%2Fwp%2Fv2%2Ftags&post=55005"}],"curies":[{"name":"wp","href":"https:\/\/api.w.org\/{rel}","templated":true}]}}