{"id":55009,"date":"2023-05-07T18:28:01","date_gmt":"2023-05-07T23:28:01","guid":{"rendered":"http:\/\/www.zonaroja.com.mx\/?p=55009"},"modified":"2023-05-07T18:28:06","modified_gmt":"2023-05-07T23:28:06","slug":"confirman-fallecimiento-del-dirigente-del-sindicato-confederacion-joven","status":"publish","type":"post","link":"https:\/\/zonaroja.com.mx\/?p=55009","title":{"rendered":"Confirman fallecimiento del dirigente del Sindicato Confederaci\u00f3n Joven"},"content":{"rendered":"\n<p>Redacci\u00f3n\/Zona Roja.<\/p>\n\n\n\n<p>Oaxaca de Ju\u00e1rez, Oax., a 7 de mayo de 2023.- Agremiados a la Confederaci\u00f3n Joven en Oaxaca y autoridades ministeriales confirmaron la muerte del dirigente de ese sindicato, Luis B., quien fue baleado anoche durante una ri\u00f1a en la Villa de Zaachila.<\/p>\n\n\n\n<p>El zafarrancho ocurri\u00f3 entre transportistas que al parecer resguardaban una fiesta en dicho municipio de la regi\u00f3n Valles Centrales, y al cual hab\u00eda asistido el representante del gremio que tambi\u00e9n se conoce como CATEM Joven.<\/p>\n\n\n\n<p>Luis B., viajaba a bordo de un coche marca Chevrolet, tipo Camaro, de color negro y de reciente modelo, mismo que fue abandonado sobre la carretera.<\/p>\n\n\n\n<p>Mientras que el herido fue trasladado en estado de gravedad a una cl\u00ednica privada ubicada en la calle Emiliano Zapata de la colonia Reforma, ciudad de Oaxaca.<\/p>\n\n\n\n<p>No obstante, en el transcurso de la madrugada perdi\u00f3 la vida; taxistas colectivos de diversas localidades se mantuvieron cerca del nosocomio hasta despu\u00e9s del mediod\u00eda, en que fue entregado el cuerpo a sus familiares.<\/p>\n\n\n\n<p>La Fiscal\u00eda General del Estado de Oaxaca inici\u00f3 las indagatorias correspondientes para dar con el o los responsable del asesinato.<\/p>\n\n\n\n<figure class=\"wp-block-embed is-type-rich is-provider-twitter wp-block-embed-twitter\"><div class=\"wp-block-embed__wrapper\">\n<div class=\"twitter-tweet\"><blockquote class=\"twitter-tweet\" data-lang=\"es\"><p lang=\"es\" dir=\"ltr\">Autoridades ministeriales confirman la muerte del dirigente del Sindicato Confederaci\u00f3n Joven, Jos\u00e9 Luis B., en un hospital de la colonia Reforma de la ciudad de Oaxaca.<br>Fue baleado anoche durante una ri\u00f1a entre mototaxistas, en la Villa de Zaachila. <a href=\"https:\/\/t.co\/N2UJSo7Nt9\">pic.twitter.com\/N2UJSo7Nt9<\/a><\/p>&mdash; Zona Roja Oaxaca (@ZonaRoja_Oaxaca) <a href=\"https:\/\/twitter.com\/ZonaRoja_Oaxaca\/status\/1655297095933341696?ref_src=twsrc%5Etfw\">7 de mayo de 2023<\/a><\/blockquote><\/div>\n<\/div><\/figure>\n","protected":false},"excerpt":{"rendered":"<p>Redacci\u00f3n\/Zona Roja. Oaxaca de Ju\u00e1rez, Oax., a 7 de mayo de 2023.- Agremiados a la&hellip;<\/p>\n","protected":false},"author":2,"featured_media":55006,"comment_status":"closed","ping_status":"open","sticky":false,"template":"","format":"standard","meta":{"_lmt_disableupdate":"","_lmt_disable":"","_jetpack_memberships_contains_paid_content":false,"footnotes":""},"categories":[109,51],"tags":[3536,155],"class_list":["post-55009","post","type-post","status-publish","format-standard","has-post-thumbnail","hentry","category-minuto-a-minuto","category-zona-roja","tag-jose-luis-balderas","tag-villa-de-zaachila"],"jetpack_featured_media_url":"https:\/\/zonaroja.com.mx\/wp-content\/uploads\/2023\/05\/Luis-Balderas-Confederacion-Joven.jpg","jetpack_sharing_enabled":true,"_links":{"self":[{"href":"https:\/\/zonaroja.com.mx\/index.php?rest_route=\/wp\/v2\/posts\/55009","targetHints":{"allow":["GET"]}}],"collection":[{"href":"https:\/\/zonaroja.com.mx\/index.php?rest_route=\/wp\/v2\/posts"}],"about":[{"href":"https:\/\/zonaroja.com.mx\/index.php?rest_route=\/wp\/v2\/types\/post"}],"author":[{"embeddable":true,"href":"https:\/\/zonaroja.com.mx\/index.php?rest_route=\/wp\/v2\/users\/2"}],"replies":[{"embeddable":true,"href":"https:\/\/zonaroja.com.mx\/index.php?rest_route=%2Fwp%2Fv2%2Fcomments&post=55009"}],"version-history":[{"count":1,"href":"https:\/\/zonaroja.com.mx\/index.php?rest_route=\/wp\/v2\/posts\/55009\/revisions"}],"predecessor-version":[{"id":55010,"href":"https:\/\/zonaroja.com.mx\/index.php?rest_route=\/wp\/v2\/posts\/55009\/revisions\/55010"}],"wp:featuredmedia":[{"embeddable":true,"href":"https:\/\/zonaroja.com.mx\/index.php?rest_route=\/wp\/v2\/media\/55006"}],"wp:attachment":[{"href":"https:\/\/zonaroja.com.mx\/index.php?rest_route=%2Fwp%2Fv2%2Fmedia&parent=55009"}],"wp:term":[{"taxonomy":"category","embeddable":true,"href":"https:\/\/zonaroja.com.mx\/index.php?rest_route=%2Fwp%2Fv2%2Fcategories&post=55009"},{"taxonomy":"post_tag","embeddable":true,"href":"https:\/\/zonaroja.com.mx\/index.php?rest_route=%2Fwp%2Fv2%2Ftags&post=55009"}],"curies":[{"name":"wp","href":"https:\/\/api.w.org\/{rel}","templated":true}]}}