{"id":55011,"date":"2023-05-07T18:38:09","date_gmt":"2023-05-07T23:38:09","guid":{"rendered":"http:\/\/www.zonaroja.com.mx\/?p=55011"},"modified":"2023-05-07T18:38:13","modified_gmt":"2023-05-07T23:38:13","slug":"opinion-y-sin-embargo-el-sur-resiste-ii","status":"publish","type":"post","link":"https:\/\/zonaroja.com.mx\/?p=55011","title":{"rendered":"Opini\u00f3n. Y sin embargo, el sur resiste II"},"content":{"rendered":"\n<p>Diego Enrique Osorno*<\/p>\n\n\n\n<p>Puente Madera, es la comunidad de San Blas Atempa, en Oaxaca, donde la caravana \u201cEl Sur Resiste\u201d, pas\u00f3 la primera noche de su recorrido tras ser recibida con una marcha de protesta por la construcci\u00f3n de uno de los siete Parques Industriales que forman parte del megaproyecto del Corredor Interoce\u00e1nico y el Tren Maya.<\/p>\n\n\n\n<p>A partir de la intersecci\u00f3n carretera que da entrada al pueblo, caravanistas y pobladores se encontraron y caminaron con antorchas, escoltados por motociclistas y mototaxis, bajo la consigna: \u201c\u00a1El Istmo no se vende!\u201d<\/p>\n\n\n\n<p>A la ma\u00f1ana del d\u00eda siguiente (26 de abril), los visitantes acudieron al territorio espec\u00edfico en el que se planea levantar la obra impulsada por el gobierno federal: \u201cEl Pitayal, un \u00e1rea llena de mezquites, coyotes, conejos, venados, y otras especies vegetales y animales\u2026 todo este ecosistema est\u00e1 en peligro de ser convertido en el Parque Industrial\u201d, se reporta en el comunicado del segundo d\u00eda de viaje, difundido a trav\u00e9s de www.elsurresiste.org<\/p>\n\n\n\n<p>De acuerdo con este relato de la caravana, los integrantes de la comunidad compartieron ah\u00ed mismo los v\u00ednculos vitales que los unen con el lugar. \u201cDel Pitayal vivimos, comemos, de ah\u00ed comemos porque cortamos le\u00f1a que usamos para cocinar pero que tambi\u00e9n vendemos, ah\u00ed hay conejo y venado. Si nos quitan El Pitayal es como si nos quitaran nuestro banco para vivir\u201d, es uno de los testimonios documentados, entre las mujeres y hombres presentes.<\/p>\n\n\n\n<p>Dicha conexi\u00f3n ancestral de los pueblos del sur del pa\u00eds, es una de las cr\u00edticas m\u00e1s puntuales que plantea la caravana contra el actual gobierno federal. \u201cEste es un aspecto que el gobierno de Andr\u00e9s Manuel L\u00f3pez Obrador ha decidido ignorar sobre los pueblos originarios que habitan el territorio denominado M\u00e9xico, junto con los dem\u00e1s gobiernos neoliberales que le han precedido, el territorio representa m\u00e1s que un ente f\u00edsico y recursos que pueden obtener de este; los pueblos originarios, como el pueblo zapoteco de Puente Madera, ha desarrollado su modo de existir en completa conexi\u00f3n con su ambiente natural.<\/p>\n\n\n\n<p>\u201cSi se destruye el territorio en el cual una comunidad habita, no s\u00f3lo se destruye su entorno f\u00edsico, se atenta con la forma de vida de todo un Pueblo; su comida, sus formas de producir recursos econ\u00f3micos, su cultura, tradici\u00f3n y forma de vivir el d\u00eda a d\u00eda\u201d.<\/p>\n\n\n\n<p>FALSA LEGITIMIDAD<\/p>\n\n\n\n<p>En particular, el Instituto Nacional de los Pueblos Ind\u00edgenas, tambi\u00e9n fue se\u00f1alado por la comunidad de acarrear personas para supuestas consultas populares, falsificar firmas de habitantes e incluso lanzar amenazas directas contra los pobladores.<\/p>\n\n\n\n<p>La Asamblea del Istmo, una de las organizaciones que participa en la caravana, sentenci\u00f3 ah\u00ed: \u201cNosotros decimos que el gobierno actual es el peor de todos, este gobierno no nos ha dado la m\u00ednima oportunidad de decirle al gobierno porqu\u00e9 estamos en resistencia, en cambio nos est\u00e1n persiguiendo\u201d.<\/p>\n\n\n\n<p>De acuerdo con el recorrido de la caravana, el \u00e1rea que ser\u00eda devastada en El Pitayal para erigir el Parque Industrial, abarca m\u00e1s de 360 hect\u00e1reas, las cuales se sienten \u00e1ridas y secas, seg\u00fan el reporte caravanero, pero la comunidad tiene un plan en marcha para reforestarlo y preservarlo.<\/p>\n\n\n\n<p>Entre las actividades realizadas, los pobladores plantaron dos tipos de \u00e1rboles distintos y un grupo de mujeres realizaron una ofrenda en zapoteco para agradecer a la madre tierra por sostener la vida. Tambi\u00e9n le pidieron fuerza para mantener sus acciones de resistencia.<\/p>\n\n\n\n<p>REBELD\u00cdAS EN EL ISTMO<\/p>\n\n\n\n<p>Al concluir el recorrido por El Pitayal, los caravaneros participaron en el foro Rebeld\u00edas y Resistencias en el Istmo Oaxaque\u00f1o,&nbsp;en el que representantes de diversas comunidades plantearon algunas de sus principales preocupaciones ante los megaproyectos, entre las cuales se encuentra el desplazamiento forzado econ\u00f3mico, una mayor presencia de grupos criminales ligados al narco y la trata de personas, adem\u00e1s del aumento de la violencia contra mujeres y ni\u00f1as.<\/p>\n\n\n\n<p>La relator\u00eda resume as\u00ed algunas historias y reflexiones de ciertas organizaciones y comunidades participantes:<\/p>\n\n\n\n<p>\u2014Asamblea de Pueblos Ind\u00edgenas del Istmo en Defensa de la Tierra y el Territorio: Imposici\u00f3n de de parques e\u00f3licos que no han generado bienestar a causa de contratos sumamente desventajosos, adem\u00e1s de provocar muerte de especies polinizadoras con los murci\u00e9lagos y contribuir a la sequ\u00eda de la tierra y contaminaci\u00f3n de mantos fre\u00e1ticos.<\/p>\n\n\n\n<p>\u201cA pesar de que hay 15 parques e\u00f3licos en Juchit\u00e1n, ni un watt hemos recibido de estas empresas, nosotros no recibimos nada de ellos. Estos proyectos no son para nosotros\u201d.<\/p>\n\n\n\n<p>\u2014Comunidad de Ixtepec:&nbsp;diez a\u00f1os de resistencia contra proyecto minero, el cual no pudo ser implementado por la resistencia del pueblo, en su mayor\u00eda, organizado por mujeres. La misma situaci\u00f3n de la minera la viven ahora con el Tren Interoce\u00e1nico\/Trans\u00edstmico\u2014. \u201cLa gente desconoce lo que est\u00e1 pasando en el territorio, desconoce lo que es un parque industrial, desconocen c\u00f3mo ese tren va a llegar a quitarnos lo mucho o poco que tenemos\u201d.<\/p>\n\n\n\n<p>\u2014Comunidad de La Ventosa: Resistencia desde 2016 ante mineras de Canad\u00e1, y c\u00f3mo lograron detener el proyecto mediante la organizaci\u00f3n comunitaria\u2014. \u201cEl proyecto nos ha costado difamaci\u00f3n, amenazas, cansancios, pero seguimos diciendo no a la mina, no a los parques e\u00f3licos. Nosotros tambi\u00e9n decimos no a las consultas, porque son ama\u00f1adas y nos quitan nuestro derecho a la autodeterminaci\u00f3n\u201d.<\/p>\n\n\n\n<p>\u2014Comunidad de Ixhuat\u00e1n:&nbsp;en Oriente del Istmo hay 16 mil hect\u00e1reas concesionadas desde el sexenio de Pe\u00f1a Nieto. Se sabe del proyecto de generar zonas de producci\u00f3n y zonas de inversi\u00f3n en toda la zona del Istmo\u2014. \u201cEl Istmo siempre ha estado ah\u00ed en la mirada de la explotaci\u00f3n, desde los 2000 con el Plan Puebla Panam\u00e1 con Vicente Fox, las Zonas Econ\u00f3micas Especiales con Pe\u00f1a Nieto, y con AMLO zonas econ\u00f3micas especiales, el canal interoce\u00e1nico. Diferente nombre, pero misma visi\u00f3n de explotaci\u00f3n\u201d.<\/p>\n\n\n\n<p>Otros proyectos econ\u00f3micos y programas oficiales cuestionados en el foro, fueron el de una concesi\u00f3n minera en la frontera con los Chimalapas, para explotar plata y cobre, as\u00ed como Sembrando Vida.<\/p>\n\n\n\n<p>RESPETO A LA VIDA Y RESISTENCIAS<\/p>\n\n\n\n<p>Antes de dejar Puente Madera, la caravana denunci\u00f3 la criminalizaci\u00f3n de la resistencia en esa comunidad, al registrarse, por lo menos, 17 \u00f3rdenes de aprehensi\u00f3n en contra de integrantes de la Asamblea local por su oposici\u00f3n al Parque Industrial.<\/p>\n\n\n\n<p>\u201cPor lo tanto, la Asamblea del Istmo hace responsable a los tres niveles de gobierno, incluyendo a Antonino Morales Toledo, secretario de Administraci\u00f3n del estado de Oaxaca; al gobernador de Oaxaca, Salom\u00f3n Jara Cruz, y al presidente de la Rep\u00fablica, Andr\u00e9s Manuel L\u00f3pez Obrador, de cualquier ataque de cualquier tipo en contra de cualquier miembro de la comunidad, integrantes de la Asamblea o del frente de organizaciones oaxaque\u00f1as\u201d.<\/p>\n\n\n\n<p>\u201cNos sumamos a este llamado, exigimos respeto a la vida y resistencia de la comunidad de Puente Madera y toda la regi\u00f3n del Istmo de Oaxaca; de la misma forma exigimos la cancelaci\u00f3n de los proyectos de muerte en esta regi\u00f3n que representan una amenaza para la vida y para la existencia de las comunidades que han habitado estos territorios por siglos protegiendo a la madre tierra\u201d.<\/p>\n\n\n\n<p>Al d\u00eda siguiente, la caravana inici\u00f3 su tercer d\u00eda de actividades con la visita al plant\u00f3n de Tierra y Libertad en Mogo\u00f1e Viejo, el cual ser\u00eda reprimido por la Marina, Guardia Nacional y polic\u00eda estatal, tan solo un d\u00eda despu\u00e9s.&nbsp;<\/p>\n\n\n\n<p>Continuar\u00e1\u2026<\/p>\n\n\n\n<p>*Escritor y periodista.<\/p>\n\n\n\n<p>@DiegoEOsorno<\/p>\n","protected":false},"excerpt":{"rendered":"<p>Diego Enrique Osorno* Puente Madera, es la comunidad de San Blas Atempa, en Oaxaca, donde&hellip;<\/p>\n","protected":false},"author":2,"featured_media":48560,"comment_status":"closed","ping_status":"open","sticky":false,"template":"","format":"standard","meta":{"_lmt_disableupdate":"","_lmt_disable":"","_jetpack_memberships_contains_paid_content":false,"footnotes":""},"categories":[456,109],"tags":[3020],"class_list":["post-55011","post","type-post","status-publish","format-standard","has-post-thumbnail","hentry","category-columna","category-minuto-a-minuto","tag-diego-enrique-osorno"],"jetpack_featured_media_url":"https:\/\/zonaroja.com.mx\/wp-content\/uploads\/2022\/11\/Diego-Enrique-Osorno.jpeg","jetpack_sharing_enabled":true,"_links":{"self":[{"href":"https:\/\/zonaroja.com.mx\/index.php?rest_route=\/wp\/v2\/posts\/55011","targetHints":{"allow":["GET"]}}],"collection":[{"href":"https:\/\/zonaroja.com.mx\/index.php?rest_route=\/wp\/v2\/posts"}],"about":[{"href":"https:\/\/zonaroja.com.mx\/index.php?rest_route=\/wp\/v2\/types\/post"}],"author":[{"embeddable":true,"href":"https:\/\/zonaroja.com.mx\/index.php?rest_route=\/wp\/v2\/users\/2"}],"replies":[{"embeddable":true,"href":"https:\/\/zonaroja.com.mx\/index.php?rest_route=%2Fwp%2Fv2%2Fcomments&post=55011"}],"version-history":[{"count":1,"href":"https:\/\/zonaroja.com.mx\/index.php?rest_route=\/wp\/v2\/posts\/55011\/revisions"}],"predecessor-version":[{"id":55012,"href":"https:\/\/zonaroja.com.mx\/index.php?rest_route=\/wp\/v2\/posts\/55011\/revisions\/55012"}],"wp:featuredmedia":[{"embeddable":true,"href":"https:\/\/zonaroja.com.mx\/index.php?rest_route=\/wp\/v2\/media\/48560"}],"wp:attachment":[{"href":"https:\/\/zonaroja.com.mx\/index.php?rest_route=%2Fwp%2Fv2%2Fmedia&parent=55011"}],"wp:term":[{"taxonomy":"category","embeddable":true,"href":"https:\/\/zonaroja.com.mx\/index.php?rest_route=%2Fwp%2Fv2%2Fcategories&post=55011"},{"taxonomy":"post_tag","embeddable":true,"href":"https:\/\/zonaroja.com.mx\/index.php?rest_route=%2Fwp%2Fv2%2Ftags&post=55011"}],"curies":[{"name":"wp","href":"https:\/\/api.w.org\/{rel}","templated":true}]}}