{"id":55016,"date":"2023-05-08T08:49:15","date_gmt":"2023-05-08T13:49:15","guid":{"rendered":"http:\/\/www.zonaroja.com.mx\/?p=55016"},"modified":"2023-05-08T11:58:51","modified_gmt":"2023-05-08T16:58:51","slug":"opinion-el-pvem-ya-no-es-util-a-los-morenistas-de-los-jara-cruz","status":"publish","type":"post","link":"https:\/\/zonaroja.com.mx\/?p=55016","title":{"rendered":"Opini\u00f3n. El PVEM ya no es \u00fatil a los morenistas de los Jara Cruz"},"content":{"rendered":"\n<p>Ismael Garc\u00eda M.\/Zona Roja.<\/p>\n\n\n\n<p>Oaxaca de Ju\u00e1rez, Oax.,a 8 de mayo de 2023.- El Partido Verde Ecologista ya pronto ser\u00e1 desechado por los morenistas que encabeza la triplete de hermanos Jara Cruz.&nbsp;<\/p>\n\n\n\n<p>Ese Partido ya no es \u00fatil a la causa y a la larga est\u00e1 saliendo muy caro, pol\u00edticamente, por sus m\u00ednimos servicios prestados en la campa\u00f1a 2022, en que aport\u00f3 una escasa cantidad de votos, que los verdeecologistas han cobrado con creces\u2026 y quieren m\u00e1s.<\/p>\n\n\n\n<p>La determinaci\u00f3n del m\u00e1ximo tribunal electoral del pa\u00eds de no autorizarles prerrogativas a nivel estatal, dej\u00f3 en claro que el Verde pronto se extinguir\u00e1 y sus escasos militantes buscar\u00e1n afiliarse a Morena.<\/p>\n\n\n\n<p>Mientras tanto, par\u00e1sitos de sangre priista, como el senador Ra\u00fal Bola\u00f1os Cacho Cu\u00e9, el diputado federal Jos\u00e9 Antonio Estefan o el legislador local Samuel Gurri\u00f3n, tendr\u00e1n que buscar otros derroteros, habida cuenta de que pronto se les acabar\u00e1 la beca legislativa.<\/p>\n\n\n\n<p>EL INEXISTENTE<\/p>\n\n\n\n<p>M\u00e1s que por fuerza, fue por obligaci\u00f3n que Morena en Oaxaca acept\u00f3 ir en coalici\u00f3n con el PVEM y dos partidos peque\u00f1os m\u00e1s; la raz\u00f3n, la alianza que hab\u00eda, y se mantiene, a nivel nacional entre Andr\u00e9s Manuel L\u00f3pez Obrador y los Verdes en materia legislativa, para sacar sus reformas.<\/p>\n\n\n\n<p>Ya de s\u00ed las elecciones de 2022 fueron at\u00edpicas, pues para empezar, el PRI hizo su mayor esfuerzo para perder, pero Morena y sus aliados cayeron en el exceso de confianza y poco hicieron para ganar m\u00e1s electores.<\/p>\n\n\n\n<p>De dos millones 950 mil 305 votantes oaxaque\u00f1os, apenas si sufrag\u00f3 el 40 por ciento, y de ellos, el 60.5 por ciento de votos lo obtuvo Morena y sus aliados, para alcanzar la gubernatura de Oaxaca, contra el 25 por ciento del PRI y sus aliados.<\/p>\n\n\n\n<p>El PVEM, en total, apenas aport\u00f3 24 mil 587 votos en el proceso electoral 2022, apenas el 2.1 de la votaci\u00f3n global, lo que incluso lo puso en riesgo de perder su registro.<\/p>\n\n\n\n<p>SIN DINERO<\/p>\n\n\n\n<p>A finales de abril pasado, la Sala Xalapa del Tribunal Electoral de la Federaci\u00f3n aprob\u00f3 que se quite al PVEM las prerrogativas, que ya le hab\u00eda asignado el IEEPCO y que le hab\u00eda confirmado el Tribunal Electoral estatal.<\/p>\n\n\n\n<p>Fue el pasado viernes en que el Instituto Estatal Electoral sesion\u00f3 de manera extraordinaria para readecuar la asignaci\u00f3n de recursos financiaros a los partidos, en acatamiento a la sentencia de la Sala Xalapa.<\/p>\n\n\n\n<p>En total, para el sostenimiento de las actividades ordinarias, los nueve partido en Oaxaca tienen asignados 187 millones 356 mil pesos; de esa cantidad, por supuesto la mayor cantidad de dinero la tiene Morena, con 75 millones 98 mil pesos y el PRI con casi la mitad, 40 millones 964 mil pesos.<\/p>\n\n\n\n<p>Para actividades espec\u00edficas, los partidos tienen en total cinco millones 620 mil 682 pesos.<\/p>\n\n\n\n<p>As\u00ed que el Verde Ecologista tiene 0 pesos para este a\u00f1o, pese a que a\u00fan conserva el registro.<\/p>\n\n\n\n<p>Indudablemente que el PVEM podr\u00e1 recurrir a la Sala Superior del Tribunal Electoral del Poder Judicial de la Federaci\u00f3n, pero falta que tenga el respaldo suficiente para que le regresen las prerrogativas.<\/p>\n\n\n\n<p>De cualquier manera, con dinero o sin dinero, el Verde ya no existe en Oaxaca\u2026 pero sus militantes y dirigentes siguen exigiendo cargos al gobierno de Salom\u00f3n Jara.<\/p>\n\n\n\n<p>\u00bfY LA MILITANCIA?<\/p>\n\n\n\n<p>Si nadie sabe d\u00f3nde est\u00e1n las oficinas del Verde Ecologista en Oaxaca, mucho menos cu\u00e1ntos militantes tiene.<\/p>\n\n\n\n<p>Pero le ha salido extremadamente caro al Presidente L\u00f3pez Obrador como al gobernador Salom\u00f3n Jara Cruz&nbsp;<\/p>\n\n\n\n<p>En el caso oaxaque\u00f1o, a Ra\u00fal Bola\u00f1os Cacho Cu\u00e9 lo premi\u00f3 con un consulado para su padre, Ra\u00fal Bola\u00f1os Cacho, en Brasil, donde el ex magistrado vive unas vacaciones de ensue\u00f1o.<\/p>\n\n\n\n<p>Y el senador ni sufre ni se acongoja por su estado, pese a graves problemas que ata\u00f1en a su competencia, como es el diferendo que mantienen Oaxaca con Chiapas por los l\u00edmites.<\/p>\n\n\n\n<p>Si bien la sentencia de la Suprema Corte de Justicia de la Naci\u00f3n ya fue acatada por autoridades oaxaque\u00f1as, el problema est\u00e1 resuelto, pero en papeles, pues en los hechos dista mucho de concretarse.<\/p>\n\n\n\n<p>Y Bola\u00f1os Cacho no ha tenido ni siquiera un pronunciamiento al respecto, ni cuando se discuti\u00f3 el proyecto en que tampoco defendi\u00f3 el territorio oaxaque\u00f1o.<\/p>\n\n\n\n<p>Navega con cuantiosas prerrogativas, pese a que cuando fue candidato a senador despotric\u00f3 contra Morena, pero el priista se ha sabido disfrazar y hacer genuflexiones las veces que lo pida el Presidente.<\/p>\n\n\n\n<p>Por demandas laborales, el PVEM estatal no ha parado, e incluso la dirigencia tiene denuncias de violencia pol\u00edtica por raz\u00f3n de g\u00e9nero.<\/p>\n\n\n\n<p>\u00bfY Jos\u00e9 Antonio Estefan Guillessen? El junior heredero del priismo m\u00e1s rancio tampoco ha regresado a Oaxaca, para evitar reclamos de su escasa dirigencia y no pagar los laudos pendientes. El a\u00fan diputado federal no tiene un \u00e1pice de idea de lo que sucede en su estado.<\/p>\n\n\n\n<p>De las cuotas, hay varios puestos que se le otorgaron al PVEM, en contraposici\u00f3n al reducido n\u00famero de votos, como la Secretar\u00eda del Medio Ambiente, pero a cuya titular, Karime Unda, le impusieron hasta a su secretaria part\u00edcular.<\/p>\n\n\n\n<p>A Elpidio Altamirano, ex dirigente del Verde, acusado anteriormente de deudor alimentario, le dieron la Coordinaci\u00f3n de Planeaci\u00f3n y Evaluaci\u00f3n, con cuya beca hace que trabaja.<\/p>\n\n\n\n<p>Samuel Gurri\u00f3n sigue contento con su beca legislativa local y ha logrado varios cargos para sus allegados en el Congreso, adem\u00e1s de quedarse con la mayor parte de los recursos, que no reporta a su compa\u00f1era Eva Diego; recientemente se sum\u00f3 Gabriela P\u00e9rez, la hija de Evel P\u00e9rez, pero eso y nada es lo mismo en esa bancada.<\/p>\n\n\n\n<p>As\u00ed que pronto se acabar\u00e1n las becas legislativas y los Verdes querr\u00e1n refugiarse en m\u00e1s cargos con el gobierno de Salom\u00f3n Jara. Pero junto con sus hermanos No\u00e9 y Amador, han tomado la decisi\u00f3n de irlos desechando paulatinamente, habida cuenta que ya no son \u00fatiles.<\/p>\n","protected":false},"excerpt":{"rendered":"<p>Ismael Garc\u00eda M.\/Zona Roja. Oaxaca de Ju\u00e1rez, Oax.,a 8 de mayo de 2023.- El Partido&hellip;<\/p>\n","protected":false},"author":2,"featured_media":41735,"comment_status":"closed","ping_status":"open","sticky":false,"template":"","format":"standard","meta":{"_lmt_disableupdate":"","_lmt_disable":"","_jetpack_memberships_contains_paid_content":false,"footnotes":""},"categories":[456,109,48],"tags":[1353],"class_list":["post-55016","post","type-post","status-publish","format-standard","has-post-thumbnail","hentry","category-columna","category-minuto-a-minuto","category-zona-critica","tag-opinion-zona-critica"],"jetpack_featured_media_url":"https:\/\/zonaroja.com.mx\/wp-content\/uploads\/2022\/05\/Opinion-Ismael-Garcia-M.jpg","jetpack_sharing_enabled":true,"_links":{"self":[{"href":"https:\/\/zonaroja.com.mx\/index.php?rest_route=\/wp\/v2\/posts\/55016","targetHints":{"allow":["GET"]}}],"collection":[{"href":"https:\/\/zonaroja.com.mx\/index.php?rest_route=\/wp\/v2\/posts"}],"about":[{"href":"https:\/\/zonaroja.com.mx\/index.php?rest_route=\/wp\/v2\/types\/post"}],"author":[{"embeddable":true,"href":"https:\/\/zonaroja.com.mx\/index.php?rest_route=\/wp\/v2\/users\/2"}],"replies":[{"embeddable":true,"href":"https:\/\/zonaroja.com.mx\/index.php?rest_route=%2Fwp%2Fv2%2Fcomments&post=55016"}],"version-history":[{"count":2,"href":"https:\/\/zonaroja.com.mx\/index.php?rest_route=\/wp\/v2\/posts\/55016\/revisions"}],"predecessor-version":[{"id":55027,"href":"https:\/\/zonaroja.com.mx\/index.php?rest_route=\/wp\/v2\/posts\/55016\/revisions\/55027"}],"wp:featuredmedia":[{"embeddable":true,"href":"https:\/\/zonaroja.com.mx\/index.php?rest_route=\/wp\/v2\/media\/41735"}],"wp:attachment":[{"href":"https:\/\/zonaroja.com.mx\/index.php?rest_route=%2Fwp%2Fv2%2Fmedia&parent=55016"}],"wp:term":[{"taxonomy":"category","embeddable":true,"href":"https:\/\/zonaroja.com.mx\/index.php?rest_route=%2Fwp%2Fv2%2Fcategories&post=55016"},{"taxonomy":"post_tag","embeddable":true,"href":"https:\/\/zonaroja.com.mx\/index.php?rest_route=%2Fwp%2Fv2%2Ftags&post=55016"}],"curies":[{"name":"wp","href":"https:\/\/api.w.org\/{rel}","templated":true}]}}