{"id":55022,"date":"2023-05-08T10:30:00","date_gmt":"2023-05-08T15:30:00","guid":{"rendered":"http:\/\/www.zonaroja.com.mx\/?p=55022"},"modified":"2023-05-08T09:00:25","modified_gmt":"2023-05-08T14:00:25","slug":"dice-presidencia-si-invalida-el-plan-b-la-sjn-estaria-sustituyendo-al-congreso","status":"publish","type":"post","link":"https:\/\/zonaroja.com.mx\/?p=55022","title":{"rendered":"Dice Presidencia: Si invalida el \u201cPlan B\u201d, la SJN estar\u00eda sustituyendo al Congreso"},"content":{"rendered":"\n<p>Redacci\u00f3n\/Zona Roja Cdmx.<\/p>\n\n\n\n<p>Ciudad de M\u00e9xico, a 8 de mayo de 2023.- En la v\u00edspera de la discusi\u00f3n de la primera parte del llamado \u201cPlan B\u201d de reforma en materia electoral, que se debatir\u00e1 a partir de hoy en la Suprema Corte de Justicia de la Naci\u00f3n (SCJN), la Consejer\u00eda Jur\u00eddica del Ejecutivo Federal (CJEF) subray\u00f3 que de invalidarse el proceso legislativo con el que se aprobaron, la Corte \u201cestar\u00eda sustituyendo al Congreso de la Uni\u00f3n\u201d.<\/p>\n\n\n\n<p>En un comunicado, la CJEF expuso que \u201cal tratarse de un poder derivado, sin legitimaci\u00f3n popular, la SCJN no debe restringir las atribuciones que la norma fundamental concede al Poder Legislativo para regular el tr\u00e1mite de elaboraci\u00f3n de las normas, siempre y cuando sean resultado de la voluntad mayoritaria de los integrantes del Congreso de la Uni\u00f3n\u201d.<\/p>\n\n\n\n<p>De hacerlo, recalc\u00f3, el m\u00e1ximo tribunal \u201cviolar\u00e1 el principio de divisi\u00f3n de poderes y el equilibrio que debe existir entre estos\u201d.<\/p>\n\n\n\n<p>Exhorto a que en el fallo que tomen los ministros prevalezca \u201cel fondo sobre la forma\u201d de acuerdo con lo establecido en el art\u00edculo 17 constitucional. Asever\u00f3 que se trata de un criterio utilizado por la propia Corte al resolver el recurso de reclamaci\u00f3n 66\/2021, relacionado con la ley de hidrocarburos.<\/p>\n\n\n\n<p>En aquella discusi\u00f3n, el alto tribunal estim\u00f3 que los formalismos procedimentales no deben prevalecer sobre la resoluci\u00f3n del fondo, \u201cpor lo que se espera que sea congruente con dicho criterio al resolver la presente acci\u00f3n de inconstitucionalidad\u201d.<\/p>\n\n\n\n<p>La semana pasada, la SCJN descart\u00f3 una solicitud de la Consejer\u00eda Jur\u00eddica de la Presidencia con la que ped\u00eda atender primero una controversia constitucional promovida desde 2018 a la Ley de Comunicaci\u00f3n Social, antes de iniciar la discusi\u00f3n sobre el \u201cPlan B\u201d.<\/p>\n\n\n\n<p>Al rechazar dicha petici\u00f3n, la Corte \u201cdemuestra que existen dos par\u00e1metros distintos: uno para revisar las leyes del r\u00e9gimen neoliberal (en cinco a\u00f1os no se ha querido dictar sentencia), y otro distinto para las normas que leg\u00edtimamente expide la soberan\u00eda popular en busca de la transformaci\u00f3n que exige el pueblo de M\u00e9xico (se resolver\u00eda en tres meses), a pesar de que se trata de la misma norma impugnada\u201d, apunt\u00f3 la CJEF.<\/p>\n\n\n\n<p>En el proyecto de sentencia de la acci\u00f3n de inconstitucionalidad 29\/2023, el ministro Alberto P\u00e9rez Day\u00e1n propone anular la totalidad del decreto por el que se reforman las leyes generales de Comunicaci\u00f3n Social y de Responsabilidades Administrativas, aprobadas en diciembre de 2022, con el argumento de que \u201cno se cumplieron algunas formalidades del proceso legislativo, lo cual es falso\u201d, insisti\u00f3.<\/p>\n\n\n\n<p>Adem\u00e1s, consider\u00f3 que el ministro instructor \u201ces omiso\u201d al no tomar en cuenta los razonamientos expuestos por las autoridades demandadas.<\/p>\n\n\n\n<p>En el proyecto se omite examinar la dispensa de tr\u00e1mite, atribuci\u00f3n reglamentada de los legisladores, que los faculta para someter un asunto a discusi\u00f3n y votaci\u00f3n durante una sesi\u00f3n sin pasar por comisiones, para lo cual basta que el pleno de la C\u00e1mara de Diputados determine, por mayor\u00eda, que una iniciativa es de urgente u obvia resoluci\u00f3n.<\/p>\n\n\n\n<p>Durante la aprobaci\u00f3n de dichas leyes, el Congreso \u201ccumpli\u00f3 los requisitos constitucionales, legales, reglamentarios; incluso, con los criterios de la propia SCJN\u201d, insisti\u00f3 la Consejer\u00eda Jur\u00eddica de la Presidencia.<\/p>\n\n\n\n<p>(Informaci\u00f3n de \u201cLa Jornada\u201d)<\/p>\n","protected":false},"excerpt":{"rendered":"<p>Redacci\u00f3n\/Zona Roja Cdmx. Ciudad de M\u00e9xico, a 8 de mayo de 2023.- En la v\u00edspera&hellip;<\/p>\n","protected":false},"author":2,"featured_media":24779,"comment_status":"closed","ping_status":"open","sticky":false,"template":"","format":"standard","meta":{"_lmt_disableupdate":"","_lmt_disable":"","_jetpack_memberships_contains_paid_content":false,"footnotes":""},"categories":[109,47],"tags":[811],"class_list":["post-55022","post","type-post","status-publish","format-standard","has-post-thumbnail","hentry","category-minuto-a-minuto","category-zona-gris","tag-suprema-corte-de-justicia-de-la-nacion"],"jetpack_featured_media_url":"https:\/\/zonaroja.com.mx\/wp-content\/uploads\/2021\/03\/Suprema-Corte-de-Justicia.jpg","jetpack_sharing_enabled":true,"_links":{"self":[{"href":"https:\/\/zonaroja.com.mx\/index.php?rest_route=\/wp\/v2\/posts\/55022","targetHints":{"allow":["GET"]}}],"collection":[{"href":"https:\/\/zonaroja.com.mx\/index.php?rest_route=\/wp\/v2\/posts"}],"about":[{"href":"https:\/\/zonaroja.com.mx\/index.php?rest_route=\/wp\/v2\/types\/post"}],"author":[{"embeddable":true,"href":"https:\/\/zonaroja.com.mx\/index.php?rest_route=\/wp\/v2\/users\/2"}],"replies":[{"embeddable":true,"href":"https:\/\/zonaroja.com.mx\/index.php?rest_route=%2Fwp%2Fv2%2Fcomments&post=55022"}],"version-history":[{"count":1,"href":"https:\/\/zonaroja.com.mx\/index.php?rest_route=\/wp\/v2\/posts\/55022\/revisions"}],"predecessor-version":[{"id":55023,"href":"https:\/\/zonaroja.com.mx\/index.php?rest_route=\/wp\/v2\/posts\/55022\/revisions\/55023"}],"wp:featuredmedia":[{"embeddable":true,"href":"https:\/\/zonaroja.com.mx\/index.php?rest_route=\/wp\/v2\/media\/24779"}],"wp:attachment":[{"href":"https:\/\/zonaroja.com.mx\/index.php?rest_route=%2Fwp%2Fv2%2Fmedia&parent=55022"}],"wp:term":[{"taxonomy":"category","embeddable":true,"href":"https:\/\/zonaroja.com.mx\/index.php?rest_route=%2Fwp%2Fv2%2Fcategories&post=55022"},{"taxonomy":"post_tag","embeddable":true,"href":"https:\/\/zonaroja.com.mx\/index.php?rest_route=%2Fwp%2Fv2%2Ftags&post=55022"}],"curies":[{"name":"wp","href":"https:\/\/api.w.org\/{rel}","templated":true}]}}