{"id":55028,"date":"2023-05-08T18:54:48","date_gmt":"2023-05-08T23:54:48","guid":{"rendered":"http:\/\/www.zonaroja.com.mx\/?p=55028"},"modified":"2023-05-08T18:54:54","modified_gmt":"2023-05-08T23:54:54","slug":"solo-promesas-de-mesas-de-trabajo-de-jara-cruz-a-seccion-22-de-snte","status":"publish","type":"post","link":"https:\/\/zonaroja.com.mx\/?p=55028","title":{"rendered":"S\u00f3lo promesas de mesas de trabajo de Jara Cruz a Secci\u00f3n 22 de SNTE"},"content":{"rendered":"\n<p>Yuridiana Sosa\/Zona Roja<\/p>\n\n\n\n<p>Oaxaca de Ju\u00e1rez, Oax., a 8 de mayo de 2023.- En instalaci\u00f3n de mesas de dialogo tripartitas con las instancias correspondientes, sin comprometerse a soluciones concretas, se basa la respuesta que el gobernado Salom\u00f3n Jara Cruz entreg\u00f3 a la Secci\u00f3n 22 del SNTE, sobre su pliego de peticiones.<\/p>\n\n\n\n<p>En el documento, entregado el pasado 5 de mayo como lo emplaz\u00f3 la gremial, precis\u00f3 que en varios aspectos corresponde al gobierno federal dar atenci\u00f3n, pero coadyuvar\u00e1 con la gesti\u00f3n de mesas de di\u00e1logo.<\/p>\n\n\n\n<p>Entre las respuestas directas en las que se expres\u00f3 el compromiso del gobierno del estado, fue sobre la demanda social social para la seguridad a las comunidades y escuelas, de acuerdo al documento dirigido a la secretaria General de la Secci\u00f3n 22 del SNTE, Yenny Aracely P\u00e9rez Mart\u00ednez, y en atenci\u00f3n al Comit\u00e9 Ejecutivo.<\/p>\n\n\n\n<p>Las respuestas ser\u00e1n analizadas por las bases entre el 8 y 12 de mayo, y el 15 de mayo env\u00eden contestaci\u00f3n al gobierno estatal, que se prev\u00e9 sea de rechazo.<\/p>\n\n\n\n<p>RESPUESTAS&nbsp;<\/p>\n\n\n\n<p>La Secci\u00f3n 22, adherida a la Coordinadora Nacional de los Trabajadores de la Educaci\u00f3n (CNTE), plante\u00f3 entre sus demandas centrales la&nbsp;<\/p>\n\n\n\n<p>abrogaci\u00f3n de la actual reforma educativa aprobada en el gobierno de Enrique Pe\u00f1a Nieto y modificaciones en sexenio de Andr\u00e9s Manuel L\u00f3pez Obrador.<\/p>\n\n\n\n<p>Para ello, el gobierno de Jara Cruz propuso realizar los enlaces correspondientes con el gobierno federal e instancias competentes, para gestionar y agendar en forma bilateral a la brevedad posible ante el Congreso de la Uni\u00f3n, una mesa de trabajo para la exposici\u00f3n de motivos y la propuesta que respalde la petici\u00f3n.&nbsp;<\/p>\n\n\n\n<p>Sobre la abrogaci\u00f3n al Decreto 2 del 20 de julio de 2015, para la reorganizaci\u00f3n educativa-administrativa de la estructura org\u00e1nica del IEEPO, plate\u00f3 reinstalar mesa de trabajo tripartita con el Congreso de Oaxaca para el 17 de mayo.<\/p>\n\n\n\n<p>As\u00ed tambi\u00e9n, para la demanda referente al reconocimiento del Plan para la Transformaci\u00f3n de la Educaci\u00f3n en Oaxaca (PTEO), Jara Cruz ofrece la mesa interdisciplinaria con el equipo de trabajo del gobierno estatal , lEEPO, Comisi\u00f3n de Educaci\u00f3n del Congreso local y colectivo interdisciplinario de la Secci\u00f3n 22 para construir de manera bilateral la iniciativa con proyecto de reforma de Ley Estatal de Educaci\u00f3n.&nbsp;<\/p>\n\n\n\n<p>Sobre la vigencia de la Direcci\u00f3n General de Educaci\u00f3n Ind\u00edgena, Intercultural&nbsp; y Biling\u00fce, propuso una comisi\u00f3n redactora de una propuesta legislativa en forma bilateral, para que en la nueva propuesta de ley se genere un apartado especial que recupera las propuestas centrales del magisterio oaxaque\u00f1o, para lo que propone mesa tripartita para el 16 de mayo&nbsp;<\/p>\n\n\n\n<p>En la situaci\u00f3n de las demandadas pol\u00edticas, las respuestas tambi\u00e9n se centraron en la instalaci\u00f3n de mesas de trabajo en busca de soluciones.&nbsp;<\/p>\n\n\n\n<p>M\u00c1S MESAS<\/p>\n\n\n\n<p>Entre las demandadas se encuentra la \u201crecuperaci\u00f3n sin condiciones de escuelas\u201d &#8211; o m\u00f3dulos en poder de sindicatos distintos al suyo- para lo cual respondi\u00f3 que en la pr\u00f3xima mesa de trabajo se establecer\u00e1n los lineamientos, an\u00e1lisis y legalidad de su permanencia sindical en el centro de trabajo de cada uno de las entidades educativas en conflicto de los municipios del estado.<\/p>\n\n\n\n<p>As\u00ed como la ampliaci\u00f3n de la matricula de las 11 normales, en ese sentido, el gobierno estatal dijo que corresponde al lEEPO valorar el presupuesto destinado y generar las condiciones de ampliaci\u00f3n de matr\u00edcula de ingreso.<\/p>\n\n\n\n<p>Respecto a la contrataci\u00f3n inmediata de los egresados normalistas, plante\u00f3 la publicaci\u00f3n de la convocatoria para la contrataci\u00f3n de los egresados el pr\u00f3ximo 11 de mayo.<\/p>\n\n\n\n<p>Sobre la integraci\u00f3n de PTEO en el esquema curricular de las escuelas normales, Jara Cruz se comprometi\u00f3 que a trav\u00e9s del IEEPO gestionar\u00e1 en forma bilateral en una mesa tripartita los recursos correspondientes para compilar, sistematizar, editar y publicar las experiencias docentes innovadoras, materiales did\u00e1cticos, entre otros que propio ha la gremial.&nbsp;<\/p>\n\n\n\n<p>Para las demandadas de justicia, seguridad social y administrativa tambi\u00e9n dio cita a la Secci\u00f3n 22 del SNTE para diversas mesas de di\u00e1logo durante este mes ante instancias correspondientes de nivel federal y estatal.&nbsp;<\/p>\n\n\n\n<p>Fue por la demanda social de seguridad p\u00fablica en la que el gobierno estatal indic\u00f3 que ofrecer\u00e1 mayor seguridad a trav\u00e9s de los \u00f3rganos de seguridad municipal, estatal y federal para la custodia y seguridad a los centros educativos en los municipios con mayor \u00edndice delictivo.&nbsp;<\/p>\n\n\n\n<p>As\u00ed como que gestionar\u00e1 ante la Federaci\u00f3n para canalizar mayores recursos las \u00e1reas educativas y solicitar\u00e1 al gobierno de M\u00e9xico se cancelen aquellas concesiones de megaproyectos que no cumplan con los requisitos de protecci\u00f3n de medio ambiente y que impacten en el cambio clim\u00e1tico, para garantizar la salud de docentes, ni\u00f1os y adolescentes en el interior del estado.<\/p>\n","protected":false},"excerpt":{"rendered":"<p>Yuridiana Sosa\/Zona Roja Oaxaca de Ju\u00e1rez, Oax., a 8 de mayo de 2023.- En instalaci\u00f3n&hellip;<\/p>\n","protected":false},"author":2,"featured_media":55029,"comment_status":"closed","ping_status":"open","sticky":false,"template":"","format":"standard","meta":{"_lmt_disableupdate":"","_lmt_disable":"","_jetpack_memberships_contains_paid_content":false,"footnotes":""},"categories":[109,47],"tags":[939,312],"class_list":["post-55028","post","type-post","status-publish","format-standard","has-post-thumbnail","hentry","category-minuto-a-minuto","category-zona-gris","tag-salomon-jara-cruz","tag-seccion-22-del-snte"],"jetpack_featured_media_url":"https:\/\/zonaroja.com.mx\/wp-content\/uploads\/2023\/05\/Salomon-Jara-y-Seccion-22.jpeg","jetpack_sharing_enabled":true,"_links":{"self":[{"href":"https:\/\/zonaroja.com.mx\/index.php?rest_route=\/wp\/v2\/posts\/55028","targetHints":{"allow":["GET"]}}],"collection":[{"href":"https:\/\/zonaroja.com.mx\/index.php?rest_route=\/wp\/v2\/posts"}],"about":[{"href":"https:\/\/zonaroja.com.mx\/index.php?rest_route=\/wp\/v2\/types\/post"}],"author":[{"embeddable":true,"href":"https:\/\/zonaroja.com.mx\/index.php?rest_route=\/wp\/v2\/users\/2"}],"replies":[{"embeddable":true,"href":"https:\/\/zonaroja.com.mx\/index.php?rest_route=%2Fwp%2Fv2%2Fcomments&post=55028"}],"version-history":[{"count":1,"href":"https:\/\/zonaroja.com.mx\/index.php?rest_route=\/wp\/v2\/posts\/55028\/revisions"}],"predecessor-version":[{"id":55030,"href":"https:\/\/zonaroja.com.mx\/index.php?rest_route=\/wp\/v2\/posts\/55028\/revisions\/55030"}],"wp:featuredmedia":[{"embeddable":true,"href":"https:\/\/zonaroja.com.mx\/index.php?rest_route=\/wp\/v2\/media\/55029"}],"wp:attachment":[{"href":"https:\/\/zonaroja.com.mx\/index.php?rest_route=%2Fwp%2Fv2%2Fmedia&parent=55028"}],"wp:term":[{"taxonomy":"category","embeddable":true,"href":"https:\/\/zonaroja.com.mx\/index.php?rest_route=%2Fwp%2Fv2%2Fcategories&post=55028"},{"taxonomy":"post_tag","embeddable":true,"href":"https:\/\/zonaroja.com.mx\/index.php?rest_route=%2Fwp%2Fv2%2Ftags&post=55028"}],"curies":[{"name":"wp","href":"https:\/\/api.w.org\/{rel}","templated":true}]}}