{"id":5503,"date":"2019-11-07T07:40:01","date_gmt":"2019-11-07T13:40:01","guid":{"rendered":"http:\/\/www.zonaroja.com.mx\/?p=5503"},"modified":"2019-11-07T07:44:58","modified_gmt":"2019-11-07T13:44:58","slug":"confirman-detencion-de-vocero-del-codedi-lo-indagan-por-lesiones-y-robo","status":"publish","type":"post","link":"https:\/\/zonaroja.com.mx\/?p=5503","title":{"rendered":"Confirman detenci\u00f3n de vocero del Codedi; lo indagan por lesiones y robo"},"content":{"rendered":"\n<p>Ismael Garc\u00eda M.\/Zona Roja.<\/p>\n\n\n\n<p>Oaxaca de Ju\u00e1rez, Oax., 7 de noviembre\nde 2019.- Fuentes de la Fiscal\u00eda General del Estado confirmaron la aprehensi\u00f3n\nde Fredy Omar Garc\u00eda Ram\u00edrez, vocero del Comit\u00e9 de Defensa de Derechos\nInd\u00edgenas (Codedi).<\/p>\n\n\n\n<p>Ayer cerca de las 18:00 horas, personal\nde la Agencia Estatal de Investigaciones le ejecut\u00f3 la orden de aprehensi\u00f3n\nbajo la causa penal 4682\/2019, cuando viajaba a bordo de un taxi del sitio \u201cReforma\u201d\ncon n\u00famero econ\u00f3mico 1213 de la ciudad de Oaxaca, sobre la carretera federal\n175, a la altura del puente peatonal de San Antonio de la Cal.<\/p>\n\n\n\n<p>Seg\u00fan los datos proporcionados, Fredy Omar Garc\u00eda Ram\u00edrez, la orden fue dictada por el Juez de Control Del Distrito Judicial\u00a0 de San Pedro Pochutla, por los delitos de lesiones con la calificativa de premeditaci\u00f3n y ventaja; robo espec\u00edfico y robo con violencia por equiparaci\u00f3n.<\/p>\n\n\n\n<figure class=\"wp-block-image\"><img decoding=\"async\" width=\"720\" height=\"720\" src=\"http:\/\/www.zonaroja.com.mx\/wp-content\/uploads\/2019\/11\/fea2057a-c7ca-42c2-ae31-c323118f54db.jpg\" alt=\"\" class=\"wp-image-5505\" srcset=\"https:\/\/zonaroja.com.mx\/wp-content\/uploads\/2019\/11\/fea2057a-c7ca-42c2-ae31-c323118f54db.jpg 720w, https:\/\/zonaroja.com.mx\/wp-content\/uploads\/2019\/11\/fea2057a-c7ca-42c2-ae31-c323118f54db-150x150.jpg 150w, https:\/\/zonaroja.com.mx\/wp-content\/uploads\/2019\/11\/fea2057a-c7ca-42c2-ae31-c323118f54db-300x300.jpg 300w, https:\/\/zonaroja.com.mx\/wp-content\/uploads\/2019\/11\/fea2057a-c7ca-42c2-ae31-c323118f54db-585x585.jpg 585w, https:\/\/zonaroja.com.mx\/wp-content\/uploads\/2019\/11\/fea2057a-c7ca-42c2-ae31-c323118f54db-640x640.jpg 640w\" sizes=\"(max-width: 720px) 100vw, 720px\" \/><\/figure>\n\n\n\n<p>El primero de ellos en agravio de\nHermenegildo Mart\u00ednez Cruz, A\u00edda Hern\u00e1ndez Moreno, Emeterio Hern\u00e1ndez Moreno,\nEduardo Jarqu\u00edn Hern\u00e1ndez, Jes\u00fas Santiago Pedro y otros.<\/p>\n\n\n\n<p>El segundo de los il\u00edcitos, en agravio\nde todas las personas f\u00edsicas mencionadas a excepci\u00f3n de A\u00edda Hern\u00e1ndez Moreno;\nel tercero, robo espec\u00edfico cometido en perjuicio patrimonial de Hermenegildo\nMart\u00ednez Cruz y A\u00edda Mart\u00ednez Moreno; el \u00faltimo en perjuicio patrimonial de A\u00edda\nMart\u00ednez Moreno y la Secretar\u00eda de Seguridad Publica.<\/p>\n\n\n\n<p>Hasta el momento, la Fiscal\u00eda no le ha\nfincado responsabilidad por el asesinato de un elemento de la Agencia Estatal\nde Investigaciones, ultimado en inmediaciones de Santiago Xanica el 6 de\noctubre, donde adem\u00e1s fueron retenidos y torturados dos elementos de la Polic\u00eda\nEstatal.<\/p>\n\n\n\n<p>En el transcurso de la ma\u00f1ana, el juez\nde la causa determinar\u00e1 la situaci\u00f3n jur\u00eddica del integrante de la Codedi.<\/p>\n","protected":false},"excerpt":{"rendered":"<p>Ismael Garc\u00eda M.\/Zona Roja. Oaxaca de Ju\u00e1rez, Oax., 7 de noviembre de 2019.- Fuentes de&hellip;<\/p>\n","protected":false},"author":2,"featured_media":5504,"comment_status":"closed","ping_status":"open","sticky":false,"template":"","format":"standard","meta":{"_lmt_disableupdate":"","_lmt_disable":"","_jetpack_memberships_contains_paid_content":false,"footnotes":""},"categories":[109,47],"tags":[832,971],"class_list":["post-5503","post","type-post","status-publish","format-standard","has-post-thumbnail","hentry","category-minuto-a-minuto","category-zona-gris","tag-comite-de-defensa-de-derechos-indigenas-codedi","tag-fredy-garcia-ramirez"],"jetpack_featured_media_url":"https:\/\/zonaroja.com.mx\/wp-content\/uploads\/2019\/11\/Fredy-Garc\u00eda-Ram\u00edrez.jpg","jetpack_sharing_enabled":true,"_links":{"self":[{"href":"https:\/\/zonaroja.com.mx\/index.php?rest_route=\/wp\/v2\/posts\/5503","targetHints":{"allow":["GET"]}}],"collection":[{"href":"https:\/\/zonaroja.com.mx\/index.php?rest_route=\/wp\/v2\/posts"}],"about":[{"href":"https:\/\/zonaroja.com.mx\/index.php?rest_route=\/wp\/v2\/types\/post"}],"author":[{"embeddable":true,"href":"https:\/\/zonaroja.com.mx\/index.php?rest_route=\/wp\/v2\/users\/2"}],"replies":[{"embeddable":true,"href":"https:\/\/zonaroja.com.mx\/index.php?rest_route=%2Fwp%2Fv2%2Fcomments&post=5503"}],"version-history":[{"count":1,"href":"https:\/\/zonaroja.com.mx\/index.php?rest_route=\/wp\/v2\/posts\/5503\/revisions"}],"predecessor-version":[{"id":5506,"href":"https:\/\/zonaroja.com.mx\/index.php?rest_route=\/wp\/v2\/posts\/5503\/revisions\/5506"}],"wp:featuredmedia":[{"embeddable":true,"href":"https:\/\/zonaroja.com.mx\/index.php?rest_route=\/wp\/v2\/media\/5504"}],"wp:attachment":[{"href":"https:\/\/zonaroja.com.mx\/index.php?rest_route=%2Fwp%2Fv2%2Fmedia&parent=5503"}],"wp:term":[{"taxonomy":"category","embeddable":true,"href":"https:\/\/zonaroja.com.mx\/index.php?rest_route=%2Fwp%2Fv2%2Fcategories&post=5503"},{"taxonomy":"post_tag","embeddable":true,"href":"https:\/\/zonaroja.com.mx\/index.php?rest_route=%2Fwp%2Fv2%2Ftags&post=5503"}],"curies":[{"name":"wp","href":"https:\/\/api.w.org\/{rel}","templated":true}]}}