{"id":55031,"date":"2023-05-08T19:37:55","date_gmt":"2023-05-09T00:37:55","guid":{"rendered":"http:\/\/www.zonaroja.com.mx\/?p=55031"},"modified":"2023-05-08T19:38:00","modified_gmt":"2023-05-09T00:38:00","slug":"incesante-violencia-en-oaxaca-un-asesinado-y-tres-lesionados-de-bala-entre-ellos-una-mujer","status":"publish","type":"post","link":"https:\/\/zonaroja.com.mx\/?p=55031","title":{"rendered":"Incesante violencia en Oaxaca: un asesinado y tres lesionados de bala, entre ellos una mujer"},"content":{"rendered":"\n<p>Ismael Garc\u00eda M.\/Zona Roja.<\/p>\n\n\n\n<p>Oaxaca de Ju\u00e1rez, Oax., a 8 de mayo de 2023.- A falta de operativos policiacos, la violencia crece en Oaxaca, con saldo este lunes de una persona asesinada a balazos y tres m\u00e1s lesionadas, entre ellas una mujer.<\/p>\n\n\n\n<p>En Santa Mar\u00eda Mixtequilla, municipio de la regi\u00f3n del Istmo, un grupo armado atac\u00f3 un lavaauto de nombre \u201cChalino\u201d, en la calle Ray\u00f3n, donde muri\u00f3&nbsp; un joven de alrededor de 25 a\u00f1os de edad, a\u00fan no identificado.<\/p>\n\n\n\n<p>Mientras que una femenina, identificada como Margarita R., madre del regidor de Hacienda del ayuntamiento, Manolo Vargas R\u00edos, result\u00f3 gravemente lesionada, por lo cual fue trasladada a un hospital.<\/p>\n\n\n\n<p>Mientras tanto en el municipio de Salina Cruz, un sujeto fue atacado con al menos una docena de impactos de arma de fuego, en la colonia Primero de Mayo.<\/p>\n\n\n\n<p>La v\u00edctima de la agresi\u00f3n fue identificada como Filiberto M. C., quien fue trasladado por personal de la Cruz Roja Mexicana a un hospital. A falta de vigilancia polic\u00edaca, el o los atacantes lograron huir.<\/p>\n\n\n\n<p>Mientras que en el municipio de Juchit\u00e1n de Zaragoza, en la calle principal de la colonia Ni\u00f1os H\u00e9roes se registr\u00f3 un ataque con machete, por lo cual fue trasladado de emergencia a un nosocomio; el hombre respondi\u00f3 al nombre de Juan Carlos V. G., de unos 40 a\u00f1os de edad.<\/p>\n","protected":false},"excerpt":{"rendered":"<p>Ismael Garc\u00eda M.\/Zona Roja. Oaxaca de Ju\u00e1rez, Oax., a 8 de mayo de 2023.- A&hellip;<\/p>\n","protected":false},"author":2,"featured_media":55032,"comment_status":"closed","ping_status":"open","sticky":false,"template":"","format":"standard","meta":{"_lmt_disableupdate":"","_lmt_disable":"","_jetpack_memberships_contains_paid_content":false,"footnotes":""},"categories":[109,51],"tags":[2138],"class_list":["post-55031","post","type-post","status-publish","format-standard","has-post-thumbnail","hentry","category-minuto-a-minuto","category-zona-roja","tag-santa-maria-mixtequilla"],"jetpack_featured_media_url":"https:\/\/zonaroja.com.mx\/wp-content\/uploads\/2023\/05\/Ataque-a-balazos-Salina-Cruz.jpg","jetpack_sharing_enabled":true,"_links":{"self":[{"href":"https:\/\/zonaroja.com.mx\/index.php?rest_route=\/wp\/v2\/posts\/55031","targetHints":{"allow":["GET"]}}],"collection":[{"href":"https:\/\/zonaroja.com.mx\/index.php?rest_route=\/wp\/v2\/posts"}],"about":[{"href":"https:\/\/zonaroja.com.mx\/index.php?rest_route=\/wp\/v2\/types\/post"}],"author":[{"embeddable":true,"href":"https:\/\/zonaroja.com.mx\/index.php?rest_route=\/wp\/v2\/users\/2"}],"replies":[{"embeddable":true,"href":"https:\/\/zonaroja.com.mx\/index.php?rest_route=%2Fwp%2Fv2%2Fcomments&post=55031"}],"version-history":[{"count":1,"href":"https:\/\/zonaroja.com.mx\/index.php?rest_route=\/wp\/v2\/posts\/55031\/revisions"}],"predecessor-version":[{"id":55033,"href":"https:\/\/zonaroja.com.mx\/index.php?rest_route=\/wp\/v2\/posts\/55031\/revisions\/55033"}],"wp:featuredmedia":[{"embeddable":true,"href":"https:\/\/zonaroja.com.mx\/index.php?rest_route=\/wp\/v2\/media\/55032"}],"wp:attachment":[{"href":"https:\/\/zonaroja.com.mx\/index.php?rest_route=%2Fwp%2Fv2%2Fmedia&parent=55031"}],"wp:term":[{"taxonomy":"category","embeddable":true,"href":"https:\/\/zonaroja.com.mx\/index.php?rest_route=%2Fwp%2Fv2%2Fcategories&post=55031"},{"taxonomy":"post_tag","embeddable":true,"href":"https:\/\/zonaroja.com.mx\/index.php?rest_route=%2Fwp%2Fv2%2Ftags&post=55031"}],"curies":[{"name":"wp","href":"https:\/\/api.w.org\/{rel}","templated":true}]}}