{"id":55034,"date":"2023-05-08T20:42:15","date_gmt":"2023-05-09T01:42:15","guid":{"rendered":"http:\/\/www.zonaroja.com.mx\/?p=55034"},"modified":"2023-05-08T20:42:19","modified_gmt":"2023-05-09T01:42:19","slug":"derrota-para-el-plan-b-de-reforma-electoral-la-scjn-anula-primera-parte","status":"publish","type":"post","link":"https:\/\/zonaroja.com.mx\/?p=55034","title":{"rendered":"Derrota para el \u2018Plan B\u2019 de reforma electoral: la SCJN anula primera parte"},"content":{"rendered":"\n<p>Redacci\u00f3n\/Zona Roja Cdmx.<\/p>\n\n\n\n<p>Ciudad de M\u00e9xico, a 8 de mayo de 2023.- Nueva derrota para la Cuarta Transformaci\u00f3n. El pleno de la Suprema Corte de Justicia de la Naci\u00f3n (SCJN) decidi\u00f3 declarar anticonstitucional la primera parte del \u2018Plan B\u2019 de la reforma electoral del presidente Andr\u00e9s Manuel L\u00f3pez Obrador este 8 de mayo.<\/p>\n\n\n\n<p>Con 9 a favor y 2 en contra, el m\u00e1ximo tribunal de justicia del pa\u00eds valid\u00f3 el proyecto presentado por el ministro Alberto P\u00e9rez Day\u00e1n, quien afirm\u00f3 que existieron \u201cclaras violaciones\u201d durante el proceso legislativo que aprob\u00f3 las reformas electorales de AMLO.<\/p>\n\n\n\n<p>Dentro de su escrito, el ministro expone que las leyes modificadas por el Congreso no pasaron por un procedimiento legislativo ordinario, provocando una \u201ctransgresi\u00f3n al principio de deliberaci\u00f3n democr\u00e1tica\u201d.<\/p>\n\n\n\n<p>\u201cLa iniciativa no se conoci\u00f3 a tiempo ni se public\u00f3 con la anticipaci\u00f3n debida para su discusi\u00f3n en la C\u00e1mara de Origen, dada la inobservancia a las disposiciones contenidas en el Reglamento de cada C\u00e1mara, desconoci\u00e9ndose con ello el principio de deliberaci\u00f3n informada y democr\u00e1tica, as\u00ed como los derechos que asisten a la representaci\u00f3n popular\u201d, explic\u00f3 el ministro.<\/p>\n\n\n\n<p>Esta propuesta fue apoyada por la ministra Margarita R\u00edos Farjat al se\u00f1alar que no se pudo dar un debate en la C\u00e1mara de Diputados porque la oposici\u00f3n no pudo analizar la iniciativa, ya que se le dispensaron todos los tr\u00e1mites.<\/p>\n\n\n\n<p>La invalidez tambi\u00e9n fue apoyada por el ministro Juan Luis Gonz\u00e1lez Alc\u00e1ntara, quien reconoci\u00f3 los vicios en el proceso legislativo.<\/p>\n\n\n\n<p>Luis Mar\u00eda Aguilar tambi\u00e9n se sum\u00f3 a la aprobaci\u00f3n del proyecto, al se\u00f1alar que el conjunto de violaciones afecta el cumplimiento del reglamento del proceso legislativo.<\/p>\n\n\n\n<p>Por el contrario, las ministras Yasm\u00edn Esquivel y Loretta Ortiz Ahlf votaron en contra, al considerar que no exist\u00edan motivos suficientes para invalidar el decreto por el que se reformaron las leyes.<\/p>\n\n\n\n<p>(Informaci\u00f3n de \u201cEl Financiero\u201d)<\/p>\n","protected":false},"excerpt":{"rendered":"<p>Redacci\u00f3n\/Zona Roja Cdmx. Ciudad de M\u00e9xico, a 8 de mayo de 2023.- Nueva derrota para&hellip;<\/p>\n","protected":false},"author":2,"featured_media":55035,"comment_status":"closed","ping_status":"open","sticky":false,"template":"","format":"standard","meta":{"_lmt_disableupdate":"","_lmt_disable":"","_jetpack_memberships_contains_paid_content":false,"footnotes":""},"categories":[109,46],"tags":[811],"class_list":["post-55034","post","type-post","status-publish","format-standard","has-post-thumbnail","hentry","category-minuto-a-minuto","category-zona-blanca","tag-suprema-corte-de-justicia-de-la-nacion"],"jetpack_featured_media_url":"https:\/\/zonaroja.com.mx\/wp-content\/uploads\/2023\/05\/Suprema-Corte-SCJN-plan-B.webp","jetpack_sharing_enabled":true,"_links":{"self":[{"href":"https:\/\/zonaroja.com.mx\/index.php?rest_route=\/wp\/v2\/posts\/55034","targetHints":{"allow":["GET"]}}],"collection":[{"href":"https:\/\/zonaroja.com.mx\/index.php?rest_route=\/wp\/v2\/posts"}],"about":[{"href":"https:\/\/zonaroja.com.mx\/index.php?rest_route=\/wp\/v2\/types\/post"}],"author":[{"embeddable":true,"href":"https:\/\/zonaroja.com.mx\/index.php?rest_route=\/wp\/v2\/users\/2"}],"replies":[{"embeddable":true,"href":"https:\/\/zonaroja.com.mx\/index.php?rest_route=%2Fwp%2Fv2%2Fcomments&post=55034"}],"version-history":[{"count":1,"href":"https:\/\/zonaroja.com.mx\/index.php?rest_route=\/wp\/v2\/posts\/55034\/revisions"}],"predecessor-version":[{"id":55036,"href":"https:\/\/zonaroja.com.mx\/index.php?rest_route=\/wp\/v2\/posts\/55034\/revisions\/55036"}],"wp:featuredmedia":[{"embeddable":true,"href":"https:\/\/zonaroja.com.mx\/index.php?rest_route=\/wp\/v2\/media\/55035"}],"wp:attachment":[{"href":"https:\/\/zonaroja.com.mx\/index.php?rest_route=%2Fwp%2Fv2%2Fmedia&parent=55034"}],"wp:term":[{"taxonomy":"category","embeddable":true,"href":"https:\/\/zonaroja.com.mx\/index.php?rest_route=%2Fwp%2Fv2%2Fcategories&post=55034"},{"taxonomy":"post_tag","embeddable":true,"href":"https:\/\/zonaroja.com.mx\/index.php?rest_route=%2Fwp%2Fv2%2Ftags&post=55034"}],"curies":[{"name":"wp","href":"https:\/\/api.w.org\/{rel}","templated":true}]}}