{"id":55037,"date":"2023-05-08T22:21:08","date_gmt":"2023-05-09T03:21:08","guid":{"rendered":"http:\/\/www.zonaroja.com.mx\/?p=55037"},"modified":"2023-05-08T22:21:12","modified_gmt":"2023-05-09T03:21:12","slug":"mas-protestas-contra-gobierno-ahora-desde-instituciones","status":"publish","type":"post","link":"https:\/\/zonaroja.com.mx\/?p=55037","title":{"rendered":"M\u00e1s protestas contra gobierno, ahora desde instituciones"},"content":{"rendered":"\n<p>Yuridiana Sosa\/Zona Roja.<\/p>\n\n\n\n<p>Oaxaca de Ju\u00e1rez, Oax., a 8 de mayo de 2023.- Las quejas contra el gobierno de Salom\u00f3n Jara Cruz contin\u00faan, ante el desorden en la Secretar\u00eda de Gobierno que encabeza Jes\u00fas Romero.<\/p>\n\n\n\n<p>Esta semana iniciaron por parte de trabajadores de instituciones gubernamentales al exigir la destituci\u00f3n de servidores p\u00fablicos y respeto a sus derechos laborales.<\/p>\n\n\n\n<p>Desde las instalaciones del Hospital Psiqui\u00e1trico, ubicado en San Bartolo Coyotepec, perteneciente a los Servicios de Salud de Oaxaca, los trabajadores adheridos a la Secci\u00f3n 73 del SNTSA iniciaron una manifestaci\u00f3n para exigir la destituci\u00f3n de la directora del nosocomio, Thalia Saynes R\u00edos, ante las injusticias y arbitrariedades que comete en su contra.<\/p>\n\n\n\n<p>En su pliego de peticiones tambi\u00e9n demandan la salida de otros directivos, como la administradora, Ernestina Iba\u00f1ez L\u00f3pez; de Recursos Humanos, Leticia Hern\u00e1dez Flores, y la jefa de Enfermeras, Soledad M\u00e9ndez Garc\u00eda.<\/p>\n\n\n\n<p>Para hacer mayor presi\u00f3n y atenci\u00f3n de la titular de los SSO, Alma Lilia Velasco, los trabajadores pararon labores, mientras que por medio de cartulinas y lonas hicieron visibles sus peticiones.<\/p>\n\n\n\n<p>Por otra parte, trabajadores de la Universidad Tecnol\u00f3gica de los Valles Centrales de Oaxaca (UTVCO), que dirige Tania L\u00f3pez L\u00f3pez, protestaron por las violaciones a sus derechos laborales, por lo que exigen respeto.<\/p>\n\n\n\n<p>Desde temprana hora, los inconformes colocaron en distintas partes de la Universidad decenas de cartulinas con sus demandas.<\/p>\n\n\n\n<p>\u201cBasta de burocracia\u201d, \u201cQue ser maestra y mujer no te cueste la vida\u201d, \u201cRespeto a nuestros derechos laborales\u201d, \u201cNo al despido injustificado\u201d y \u201cApoyo total a la chef Carolina y compa\u00f1eros afectados\u201d, fueron parte de las quejas expuestas en cartulinas.<\/p>\n\n\n\n<figure class=\"wp-block-embed is-type-rich is-provider-twitter wp-block-embed-twitter\"><div class=\"wp-block-embed__wrapper\">\n<div class=\"twitter-tweet\"><blockquote class=\"twitter-tweet\" data-lang=\"es\"><p lang=\"es\" dir=\"ltr\"><a href=\"https:\/\/twitter.com\/hashtag\/%C3%9AltimoMinuto?src=hash&amp;ref_src=twsrc%5Etfw\">#\u00daltimoMinuto<\/a> <br>No paran los problemas en los <a href=\"https:\/\/twitter.com\/SSO_GobOax?ref_src=twsrc%5Etfw\">@SSO_GobOax<\/a>, ante la falta de capacidad de la titular, <a href=\"https:\/\/twitter.com\/Alma_VelascoH?ref_src=twsrc%5Etfw\">@Alma_VelascoH<\/a>, para atender las demandas. <br>Ahora trabajadores del Hospital Psiqui\u00e1trico, ubicado en San Bartolo Coyotepec paran labores. <a href=\"https:\/\/t.co\/iY7bZsHiT1\">pic.twitter.com\/iY7bZsHiT1<\/a><\/p>&mdash; Zona Roja Oaxaca (@ZonaRoja_Oaxaca) <a href=\"https:\/\/twitter.com\/ZonaRoja_Oaxaca\/status\/1655593685634158594?ref_src=twsrc%5Etfw\">8 de mayo de 2023<\/a><\/blockquote><\/div>\n<\/div><\/figure>\n\n\n\n<p>OTRA PROTESTA<\/p>\n\n\n\n<p>Mototaxistas integrantes del Frente Popular \u201c14 de Junio\u201d se movilizaron en Plaza Oaxaca para tratar de impedir con violencia el retiro de puestos ambulantes instalados en esa \u00e1rea.<\/p>\n\n\n\n<p>El operativo contra el comercio irregular en v\u00eda p\u00fablica y la presencia de los mototaxistas fue motivo para la presencia de decena de polic\u00edas municipales y estatales.<\/p>\n\n\n\n<p>Inspectores del Comercio en V\u00eda P\u00fablica del gobierno municipal de Oaxaca de Ju\u00e1rez llev\u00f3 a cabo un operativo para el retiro de varias casetas que se hab\u00edan instalado sin ning\u00fan tipo de permisos en el estacionamiento y pasillos de dicha plaza.<\/p>\n\n\n\n<p>La actividad moviliz\u00f3 a decenas de mototaxistas que minutos despu\u00e9s de su llegada se apoderaron de unos de los accesos a la tienda comercial del lugar, mientras que otros bajaron sus cortinas al notar la presencia de la organizaci\u00f3n para prevenir alguna agresi\u00f3n.<\/p>\n\n\n\n<p>La autoridad municipal no logr\u00f3 el retiro de la totalidad de las casetas instaladas en el estacionamiento, y tampoco pas\u00f3 a mayores el evento; momentos despu\u00e9s se registr\u00f3 el retiro de las autoridades, polic\u00edas y de los quejosos.<\/p>\n\n\n\n<figure class=\"wp-block-embed is-type-rich is-provider-twitter wp-block-embed-twitter\"><div class=\"wp-block-embed__wrapper\">\n<div class=\"twitter-tweet\"><blockquote class=\"twitter-tweet\" data-lang=\"es\"><p lang=\"es\" dir=\"ltr\"><a href=\"https:\/\/twitter.com\/hashtag\/ENVIVO?src=hash&amp;ref_src=twsrc%5Etfw\">#ENVIVO<\/a><br>Oaxaca de Ju\u00e1rez, Oax., a 8 de mayo de 2023.- Mototaxistas integrantes del Frente Popular \u201c14 de Junio\u201d pretenden impedir con violencia el retiro de puestos ambulantes de la Plaza Oaxaca; polic\u00edas municipales y estatales resguardan la zona.<br>\ud83d\udc47<a href=\"https:\/\/t.co\/GHwXHVFxzk\">https:\/\/t.co\/GHwXHVFxzk<\/a> <a href=\"https:\/\/t.co\/saD2Xu8C6q\">pic.twitter.com\/saD2Xu8C6q<\/a><\/p>&mdash; Zona Roja Oaxaca (@ZonaRoja_Oaxaca) <a href=\"https:\/\/twitter.com\/ZonaRoja_Oaxaca\/status\/1655651456148729856?ref_src=twsrc%5Etfw\">8 de mayo de 2023<\/a><\/blockquote><\/div>\n<\/div><\/figure>\n","protected":false},"excerpt":{"rendered":"<p>Yuridiana Sosa\/Zona Roja. Oaxaca de Ju\u00e1rez, Oax., a 8 de mayo de 2023.- Las quejas&hellip;<\/p>\n","protected":false},"author":2,"featured_media":55038,"comment_status":"closed","ping_status":"open","sticky":false,"template":"","format":"standard","meta":{"_lmt_disableupdate":"","_lmt_disable":"","_jetpack_memberships_contains_paid_content":false,"footnotes":""},"categories":[109,47],"tags":[2254],"class_list":["post-55037","post","type-post","status-publish","format-standard","has-post-thumbnail","hentry","category-minuto-a-minuto","category-zona-gris","tag-protestas-y-bloqueos-oaxaca"],"jetpack_featured_media_url":"https:\/\/zonaroja.com.mx\/wp-content\/uploads\/2023\/05\/Protestas-Oaxaca.jpg","jetpack_sharing_enabled":true,"_links":{"self":[{"href":"https:\/\/zonaroja.com.mx\/index.php?rest_route=\/wp\/v2\/posts\/55037","targetHints":{"allow":["GET"]}}],"collection":[{"href":"https:\/\/zonaroja.com.mx\/index.php?rest_route=\/wp\/v2\/posts"}],"about":[{"href":"https:\/\/zonaroja.com.mx\/index.php?rest_route=\/wp\/v2\/types\/post"}],"author":[{"embeddable":true,"href":"https:\/\/zonaroja.com.mx\/index.php?rest_route=\/wp\/v2\/users\/2"}],"replies":[{"embeddable":true,"href":"https:\/\/zonaroja.com.mx\/index.php?rest_route=%2Fwp%2Fv2%2Fcomments&post=55037"}],"version-history":[{"count":1,"href":"https:\/\/zonaroja.com.mx\/index.php?rest_route=\/wp\/v2\/posts\/55037\/revisions"}],"predecessor-version":[{"id":55039,"href":"https:\/\/zonaroja.com.mx\/index.php?rest_route=\/wp\/v2\/posts\/55037\/revisions\/55039"}],"wp:featuredmedia":[{"embeddable":true,"href":"https:\/\/zonaroja.com.mx\/index.php?rest_route=\/wp\/v2\/media\/55038"}],"wp:attachment":[{"href":"https:\/\/zonaroja.com.mx\/index.php?rest_route=%2Fwp%2Fv2%2Fmedia&parent=55037"}],"wp:term":[{"taxonomy":"category","embeddable":true,"href":"https:\/\/zonaroja.com.mx\/index.php?rest_route=%2Fwp%2Fv2%2Fcategories&post=55037"},{"taxonomy":"post_tag","embeddable":true,"href":"https:\/\/zonaroja.com.mx\/index.php?rest_route=%2Fwp%2Fv2%2Ftags&post=55037"}],"curies":[{"name":"wp","href":"https:\/\/api.w.org\/{rel}","templated":true}]}}