{"id":55040,"date":"2023-05-08T23:14:11","date_gmt":"2023-05-09T04:14:11","guid":{"rendered":"http:\/\/www.zonaroja.com.mx\/?p=55040"},"modified":"2023-05-08T23:14:31","modified_gmt":"2023-05-09T04:14:31","slug":"detienen-en-zacatepec-putla-a-sujeto-acusado-de-violacion-y-pederastia","status":"publish","type":"post","link":"https:\/\/zonaroja.com.mx\/?p=55040","title":{"rendered":"Detienen en Zacatepec, Putla, a sujeto acusado de violaci\u00f3n y pederastia"},"content":{"rendered":"\n<p>Redacci\u00f3n\/Zona Roja.<\/p>\n\n\n\n<p>Oaxaca de Ju\u00e1rez, Oax., a 8 de mayo de 2023.- La Fiscal\u00eda General del Estado de Oaxaca (FGEO) obtuvo auto de vinculaci\u00f3n a proceso en contra de la persona del sexo masculino identificada como A. S. S., por los delitos de equiparado a la violaci\u00f3n, violaci\u00f3n y pederastia, cometidos en agra una ni\u00f1a, en hechos ocurridos en la regi\u00f3n de la Sierra Sur.<\/p>\n\n\n\n<p>De acuerdo con el expediente del caso, la v\u00edctima sufri\u00f3 agresiones sexuales en diferentes fechas desde que ten\u00eda nueve a\u00f1os y hasta que cumpli\u00f3 los 12 a\u00f1os de edad.<\/p>\n\n\n\n<p>Los hechos que se investigan, sucedieron en el municipio de Santa Mar\u00eda Zacatepec, perteneciente al distrito de Putla, y las indagatorias quedaron a cargo de la Vicefiscalia Regional de la Mixteca<\/p>\n\n\n\n<p>Derivado del trabajo realizado por elementos de la Agencia Estatal de Investigaciones (AEI) se ejecut\u00f3 una orden de aprehensi\u00f3n en contra de A. S. S.. por los delitos de equiparado a la violaci\u00f3n, violaci\u00f3n y pederastia, por lo que qued\u00f3 a disposici\u00f3n del Juez que atiende la causa quien dict\u00f3 auto de vinculaci\u00f3n a proceso por los tres delitos, por lo que impuso prisi\u00f3n preventiva al imputado y otorg\u00f3 dos masas para el cierro de la investigaci\u00f3n complementaria<\/p>\n\n\n\n<p>La Fiscal\u00eda de Oaxaca trabaja con un equipo especializado en atenci\u00f3n integral para las infancias para brindar acompa\u00f1amiento a las v\u00edctimas.<\/p>\n","protected":false},"excerpt":{"rendered":"<p>Redacci\u00f3n\/Zona Roja. Oaxaca de Ju\u00e1rez, Oax., a 8 de mayo de 2023.- La Fiscal\u00eda General&hellip;<\/p>\n","protected":false},"author":2,"featured_media":48872,"comment_status":"closed","ping_status":"open","sticky":false,"template":"","format":"standard","meta":{"_lmt_disableupdate":"","_lmt_disable":"","_jetpack_memberships_contains_paid_content":false,"footnotes":""},"categories":[109,46],"tags":[494],"class_list":["post-55040","post","type-post","status-publish","format-standard","has-post-thumbnail","hentry","category-minuto-a-minuto","category-zona-blanca","tag-fiscalia-general-del-estado-de-oaxaca"],"jetpack_featured_media_url":"https:\/\/zonaroja.com.mx\/wp-content\/uploads\/2022\/12\/Detenido-detencion-aprehension.jpg","jetpack_sharing_enabled":true,"_links":{"self":[{"href":"https:\/\/zonaroja.com.mx\/index.php?rest_route=\/wp\/v2\/posts\/55040","targetHints":{"allow":["GET"]}}],"collection":[{"href":"https:\/\/zonaroja.com.mx\/index.php?rest_route=\/wp\/v2\/posts"}],"about":[{"href":"https:\/\/zonaroja.com.mx\/index.php?rest_route=\/wp\/v2\/types\/post"}],"author":[{"embeddable":true,"href":"https:\/\/zonaroja.com.mx\/index.php?rest_route=\/wp\/v2\/users\/2"}],"replies":[{"embeddable":true,"href":"https:\/\/zonaroja.com.mx\/index.php?rest_route=%2Fwp%2Fv2%2Fcomments&post=55040"}],"version-history":[{"count":1,"href":"https:\/\/zonaroja.com.mx\/index.php?rest_route=\/wp\/v2\/posts\/55040\/revisions"}],"predecessor-version":[{"id":55041,"href":"https:\/\/zonaroja.com.mx\/index.php?rest_route=\/wp\/v2\/posts\/55040\/revisions\/55041"}],"wp:featuredmedia":[{"embeddable":true,"href":"https:\/\/zonaroja.com.mx\/index.php?rest_route=\/wp\/v2\/media\/48872"}],"wp:attachment":[{"href":"https:\/\/zonaroja.com.mx\/index.php?rest_route=%2Fwp%2Fv2%2Fmedia&parent=55040"}],"wp:term":[{"taxonomy":"category","embeddable":true,"href":"https:\/\/zonaroja.com.mx\/index.php?rest_route=%2Fwp%2Fv2%2Fcategories&post=55040"},{"taxonomy":"post_tag","embeddable":true,"href":"https:\/\/zonaroja.com.mx\/index.php?rest_route=%2Fwp%2Fv2%2Ftags&post=55040"}],"curies":[{"name":"wp","href":"https:\/\/api.w.org\/{rel}","templated":true}]}}