{"id":55042,"date":"2023-05-08T23:22:48","date_gmt":"2023-05-09T04:22:48","guid":{"rendered":"http:\/\/www.zonaroja.com.mx\/?p=55042"},"modified":"2023-05-08T23:22:52","modified_gmt":"2023-05-09T04:22:52","slug":"reconoce-la-secretaria-de-administracion-a-las-mujeres-trabajadoras-del-gobierno","status":"publish","type":"post","link":"https:\/\/zonaroja.com.mx\/?p=55042","title":{"rendered":"Reconoce la Secretar\u00eda de Administraci\u00f3n a las mujeres trabajadoras del gobierno"},"content":{"rendered":"\n<p>Redacci\u00f3n\/Zona Roja.&nbsp;<\/p>\n\n\n\n<p>Oaxaca de Ju\u00e1rez, Oax., a 8 de mayo de 2023.- En representaci\u00f3n del Gobernador del Estado, Salom\u00f3n Jara Cruz, el secretario de Administraci\u00f3n, Antonino Morales Toledo, encabez\u00f3 el festejo con motivo del D\u00eda de las Madres, dedicado a&nbsp; las trabajadoras pertenecientes al Sindicato de Trabajadores de los Poderes del Estado e Instituciones Descentralizadas de Car\u00e1cter Estatal de Oaxaca, (STPEIDCEO).<\/p>\n\n\n\n<p>Acompa\u00f1ado del magistrado Presidente del Tribunal Superior de Justicia del Estado, Eduardo Pinacho S\u00e1nchez, y el secretario general del STPEIDCEO, Pedro Castillejos Villalobos, el responsable de la pol\u00edtica administrativa estatal, a nombre del mandatario, felicit\u00f3 a las madres trabajadores, a qui\u00e9nes hizo un amplio reconocimiento por la labor fundamental que realizan en sus diferentes \u00e1reas de trabajo y que son parte fundamental de la \u201cPrimavera Oaxaque\u00f1a\u201d.<\/p>\n\n\n\n<p>Morales Toledo salud\u00f3 a las madres trabajadoras por la labor comprometida que realizan en sus \u00e1reas y dependencias y por ser parte fundamental para el gobierno estatal.<\/p>\n\n\n\n<p>Indic\u00f3 que son las mujeres las m\u00e1s entregadas a su trabajo que siempre es amable, eficiente, diligente, cordial y profesional y que es digno de reconocerse.<\/p>\n\n\n\n<p>El secretario de Administraci\u00f3n, reconoci\u00f3 en cada una de las madres trabajadoras su amor a Oaxaca, su compromiso con la transformaci\u00f3n y su empe\u00f1o por ser eficientes servidoras p\u00fablicas, adem\u00e1s de ser grandes madres de familia que fortalecen con valores y principios el crecimiento de sus hijas e hijos.<\/p>\n","protected":false},"excerpt":{"rendered":"<p>Redacci\u00f3n\/Zona Roja.&nbsp; Oaxaca de Ju\u00e1rez, Oax., a 8 de mayo de 2023.- En representaci\u00f3n del&hellip;<\/p>\n","protected":false},"author":2,"featured_media":55043,"comment_status":"closed","ping_status":"open","sticky":false,"template":"","format":"standard","meta":{"_lmt_disableupdate":"","_lmt_disable":"","_jetpack_memberships_contains_paid_content":false,"footnotes":""},"categories":[109,46],"tags":[180],"class_list":["post-55042","post","type-post","status-publish","format-standard","has-post-thumbnail","hentry","category-minuto-a-minuto","category-zona-blanca","tag-antonino-morales-toledo"],"jetpack_featured_media_url":"https:\/\/zonaroja.com.mx\/wp-content\/uploads\/2023\/05\/Secretaria-de-Administracion-festejo-Dia-de-las-Madres.jpg","jetpack_sharing_enabled":true,"_links":{"self":[{"href":"https:\/\/zonaroja.com.mx\/index.php?rest_route=\/wp\/v2\/posts\/55042","targetHints":{"allow":["GET"]}}],"collection":[{"href":"https:\/\/zonaroja.com.mx\/index.php?rest_route=\/wp\/v2\/posts"}],"about":[{"href":"https:\/\/zonaroja.com.mx\/index.php?rest_route=\/wp\/v2\/types\/post"}],"author":[{"embeddable":true,"href":"https:\/\/zonaroja.com.mx\/index.php?rest_route=\/wp\/v2\/users\/2"}],"replies":[{"embeddable":true,"href":"https:\/\/zonaroja.com.mx\/index.php?rest_route=%2Fwp%2Fv2%2Fcomments&post=55042"}],"version-history":[{"count":1,"href":"https:\/\/zonaroja.com.mx\/index.php?rest_route=\/wp\/v2\/posts\/55042\/revisions"}],"predecessor-version":[{"id":55044,"href":"https:\/\/zonaroja.com.mx\/index.php?rest_route=\/wp\/v2\/posts\/55042\/revisions\/55044"}],"wp:featuredmedia":[{"embeddable":true,"href":"https:\/\/zonaroja.com.mx\/index.php?rest_route=\/wp\/v2\/media\/55043"}],"wp:attachment":[{"href":"https:\/\/zonaroja.com.mx\/index.php?rest_route=%2Fwp%2Fv2%2Fmedia&parent=55042"}],"wp:term":[{"taxonomy":"category","embeddable":true,"href":"https:\/\/zonaroja.com.mx\/index.php?rest_route=%2Fwp%2Fv2%2Fcategories&post=55042"},{"taxonomy":"post_tag","embeddable":true,"href":"https:\/\/zonaroja.com.mx\/index.php?rest_route=%2Fwp%2Fv2%2Ftags&post=55042"}],"curies":[{"name":"wp","href":"https:\/\/api.w.org\/{rel}","templated":true}]}}