{"id":55048,"date":"2023-05-09T11:30:00","date_gmt":"2023-05-09T16:30:00","guid":{"rendered":"http:\/\/www.zonaroja.com.mx\/?p=55048"},"modified":"2023-05-09T07:38:50","modified_gmt":"2023-05-09T12:38:50","slug":"iniciaran-licitaciones-de-seis-polos-de-desarrollo-del-corredor-interoceanico","status":"publish","type":"post","link":"https:\/\/zonaroja.com.mx\/?p=55048","title":{"rendered":"Iniciar\u00e1n licitaciones de seis polos de desarrollo del Corredor Interoce\u00e1nico"},"content":{"rendered":"\n<p>Redacci\u00f3n\/Zona Roja Cdmx.<\/p>\n\n\n\n<p>Ciudad de M\u00e9xico, a 9 de mayo de 2023.- La Secretar\u00eda de Econom\u00eda difundi\u00f3 este lunes los incentivos fiscales que dar\u00e1 para invertir en los polos de desarrollo del Corredor Interoce\u00e1nico del Istmo de Tehuantepec (CIIT).<\/p>\n\n\n\n<p>Raquel Buenrostro, secretaria de Econom\u00eda, inform\u00f3 que el paquete est\u00e1 conformado por una depreciaci\u00f3n acelerada durante los primeros seis a\u00f1os, as\u00ed como una exenci\u00f3n del IVA en transacciones al interior de los polos y entre estos durante los primeros cuatro a\u00f1os.<\/p>\n\n\n\n<p>Se permitir\u00e1 la recuperaci\u00f3n del IVA pagando por las compras que se hagan fuera de los polos de desarrollo.<\/p>\n\n\n\n<p>Tambi\u00e9n Buenrostro anunci\u00f3 la exenci\u00f3n a 100% del Impuesto Sobre la Renta (ISR) durante los primeros tres a\u00f1os, con posibilidad de extenderse por tres a\u00f1os adicionales con una reducci\u00f3n de 50%, y hasta 90% en funci\u00f3n de variables como el n\u00famero de puestos de trabajo creados.<\/p>\n\n\n\n<p>Con el objetivo de asegurar que las nuevas inversiones contribuyan al desarrollo regional, la Secretar\u00eda de Hacienda y Cr\u00e9dito P\u00fablico solicitar\u00e1 niveles m\u00ednimos de empleo que las empresas deber\u00e1n de cumplir para obtener los beneficios fiscales, de acuerdo con la actividad econ\u00f3mica que desarrollen.<\/p>\n\n\n\n<p>El CIIT contempla el establecimiento de 10 polos de desarrollo en una regi\u00f3n que conecta el Golfo de M\u00e9xico y el Oc\u00e9ano Pac\u00edfico a trav\u00e9s de 304 kil\u00f3metros de v\u00eda ferroviaria.<\/p>\n\n\n\n<p>Con la coordinaci\u00f3n del Corredor Interoce\u00e1nico, se modernizar\u00e1 el ferrocarril del Istmo de Tehuantepec, se ampliar\u00e1n los puertos de Coatzacoalcos en Veracruz y Salina Cruz en Oaxaca, se fortalecer\u00e1 la infraestructura carretera y de caminos rurales, as\u00ed como la red portuaria, y se construir\u00e1 un gasoducto para abastecer a empresas y consumidores dom\u00e9sticos.<\/p>\n\n\n\n<p>El objetivo es impulsar un entorno atractivo de negocios y elevada calidad de vida en el sur-sureste del pa\u00eds, aprovechando la importante infraestructura multimodal con la que cuenta la regi\u00f3n, que incluye carreteras, puertos, aeropuertos y ferrocarril.<\/p>\n\n\n\n<p>Las concesiones se otorgar\u00e1n por un plazo de dos a\u00f1os, prorrogables hasta por cinco a\u00f1os m\u00e1s y, en una primera etapa, participar\u00e1n s\u00f3lo seis de los 10 polos de desarrollo.<\/p>\n\n\n\n<p>Los seis polos referidos son del lado de Veracruz: Coatzacoalcos I (257 hect\u00e1reas), Coatzacoalcos II (131 ha), Texistepec (462 ha) y San Juan Evangelista (360 ha), y del lado de Oaxaca, Salina Cruz (82 ha) y San Blas Atempa (331 ha).<\/p>\n\n\n\n<p>Las concesiones durar\u00e1n hasta que los gastos de capital erogados impliquen una p\u00e9rdida para el inversionista si no lleva finalmente a cabo el proyecto, para evitar la especulaci\u00f3n. Una vez que se alcance este punto, dejar\u00e1 de ser una concesi\u00f3n y se convertir\u00e1 en propiedad privada.<\/p>\n\n\n\n<p>Si no se han realizado las inversiones correspondientes en los primeros dos a\u00f1os de la concesi\u00f3n, \u00e9sta ser\u00e1 retirada.<\/p>\n\n\n\n<p>De acuerdo con Buenrostro, en el transcurso de la presente semana se dar\u00e1n a conocer oficialmente los incentivos para los polos de desarrollo en el Diario Oficial de la Federaci\u00f3n (DOF) y la publicaci\u00f3n de las bases de licitaci\u00f3n se difundir\u00e1n la pr\u00f3xima semana. Todo el proceso de licitaci\u00f3n durar\u00e1 alrededor de 110 d\u00edas.<\/p>\n\n\n\n<p>Los polos estar\u00e1n reservados a 11 vocaciones productivas: El\u00e9ctrica y electr\u00f3nica; Semiconductores; Automotriz (electromovilidad, autopartes y equipo de transporte); Dispositivos m\u00e9dicos; Farmac\u00e9utica; Agroindustria; Equipo de generaci\u00f3n y distribuci\u00f3n de energ\u00eda el\u00e9ctrica (energ\u00edas limpias); Maquinaria y equipo; Tecnolog\u00edas de la Informaci\u00f3n y la Comunicaci\u00f3n; Metales, y Petroqu\u00edmica.<\/p>\n\n\n\n<p>Con el desarrollo del Corredor Interoce\u00e1nico, puntualiz\u00f3 Buenrostro, M\u00e9xico se alista para recibir las cadenas de suministro que arribar\u00e1n durante los pr\u00f3ximos a\u00f1os a ra\u00edz del fen\u00f3meno de la relocalizaci\u00f3n. A su vez, las empresas podr\u00e1n reducir tiempos y costos log\u00edsticos.<\/p>\n\n\n\n<p>La Secretar\u00eda de Econom\u00eda resalt\u00f3 que una de las ventajas competitivas del Istmo de Tehuantepec son los recursos naturales, los cuales deber\u00e1n preservarse y aprovecharse de manera sostenible.<\/p>\n\n\n\n<p>El sur-sureste tiene disponibilidad de agua, as\u00ed como con fuentes de energ\u00eda verde, como la hidroel\u00e9ctrica y la e\u00f3lica, lo cual permitir\u00e1 a las empresas avanzar en el cumplimiento de sus metas de cero emisiones de carbono.<\/p>\n\n\n\n<p>(Informaci\u00f3n de \u201cEl Economista\u201d)<\/p>\n","protected":false},"excerpt":{"rendered":"<p>Redacci\u00f3n\/Zona Roja Cdmx. Ciudad de M\u00e9xico, a 9 de mayo de 2023.- La Secretar\u00eda de&hellip;<\/p>\n","protected":false},"author":2,"featured_media":55049,"comment_status":"closed","ping_status":"open","sticky":false,"template":"","format":"standard","meta":{"_lmt_disableupdate":"","_lmt_disable":"","_jetpack_memberships_contains_paid_content":false,"footnotes":""},"categories":[109,46],"tags":[2917],"class_list":["post-55048","post","type-post","status-publish","format-standard","has-post-thumbnail","hentry","category-minuto-a-minuto","category-zona-blanca","tag-corredor-interoceanico-oaxaca"],"jetpack_featured_media_url":"https:\/\/zonaroja.com.mx\/wp-content\/uploads\/2023\/05\/Corredor-Interoceanico-del-Istmo-Oaxaca.png","jetpack_sharing_enabled":true,"_links":{"self":[{"href":"https:\/\/zonaroja.com.mx\/index.php?rest_route=\/wp\/v2\/posts\/55048","targetHints":{"allow":["GET"]}}],"collection":[{"href":"https:\/\/zonaroja.com.mx\/index.php?rest_route=\/wp\/v2\/posts"}],"about":[{"href":"https:\/\/zonaroja.com.mx\/index.php?rest_route=\/wp\/v2\/types\/post"}],"author":[{"embeddable":true,"href":"https:\/\/zonaroja.com.mx\/index.php?rest_route=\/wp\/v2\/users\/2"}],"replies":[{"embeddable":true,"href":"https:\/\/zonaroja.com.mx\/index.php?rest_route=%2Fwp%2Fv2%2Fcomments&post=55048"}],"version-history":[{"count":1,"href":"https:\/\/zonaroja.com.mx\/index.php?rest_route=\/wp\/v2\/posts\/55048\/revisions"}],"predecessor-version":[{"id":55050,"href":"https:\/\/zonaroja.com.mx\/index.php?rest_route=\/wp\/v2\/posts\/55048\/revisions\/55050"}],"wp:featuredmedia":[{"embeddable":true,"href":"https:\/\/zonaroja.com.mx\/index.php?rest_route=\/wp\/v2\/media\/55049"}],"wp:attachment":[{"href":"https:\/\/zonaroja.com.mx\/index.php?rest_route=%2Fwp%2Fv2%2Fmedia&parent=55048"}],"wp:term":[{"taxonomy":"category","embeddable":true,"href":"https:\/\/zonaroja.com.mx\/index.php?rest_route=%2Fwp%2Fv2%2Fcategories&post=55048"},{"taxonomy":"post_tag","embeddable":true,"href":"https:\/\/zonaroja.com.mx\/index.php?rest_route=%2Fwp%2Fv2%2Ftags&post=55048"}],"curies":[{"name":"wp","href":"https:\/\/api.w.org\/{rel}","templated":true}]}}