{"id":55059,"date":"2023-05-09T08:27:00","date_gmt":"2023-05-09T13:27:00","guid":{"rendered":"http:\/\/www.zonaroja.com.mx\/?p=55059"},"modified":"2023-05-09T08:27:05","modified_gmt":"2023-05-09T13:27:05","slug":"enesimo-asesinato-de-mujer-en-oaxaca-ahora-en-ocotlan","status":"publish","type":"post","link":"https:\/\/zonaroja.com.mx\/?p=55059","title":{"rendered":"En\u00e9simo asesinato de mujer en Oaxaca, ahora en Ocotl\u00e1n"},"content":{"rendered":"\n<p>Redacci\u00f3n\/Zona Roja. Foto: Especial<\/p>\n\n\n\n<p>Oaxaca de Ju\u00e1rez, Oax., a 9 de mayo de 2023.- Otra mujer fue asesinada en Oaxaca, y ahora adem\u00e1s fue torturada y su cuerpo tirado a un costado de una carretera local.<\/p>\n\n\n\n<p>El probable feminicidio se registr\u00f3 la tarde del pasado domingo, en jurisdicci\u00f3n de Santa Rosa, del municipio de Ocotl\u00e1n de Morelos, en la regi\u00f3n Valles Centrales del estado.<\/p>\n\n\n\n<p>El cuerpo presenta lesiones producidas por arma blanca y por arma de fuego, adem\u00e1s de huellas de tortura; sus familiares la identificaron ayer como Janet \u201cN\u201d, de 36 a\u00f1os de edad, quien dej\u00f3 en la orfandad a dos menores.<\/p>\n\n\n\n<p>La v\u00edctima hab\u00eda salido de su domicilio desde el s\u00e1bado 6 de mayo, en la comunidad de La Tortolita, pero fue hasta el domingo en que vecinos de la zona hallaron el cuerpo sin vida en la carretera que conduce de Santa Rosa a Asunci\u00f3n, Ocotl\u00e1n.<\/p>\n\n\n\n<p>Personal de la Fiscal\u00eda General del Estado de Oaxaca acudi\u00f3 a la zona con peritos y elementos de la Agencia Estatal de Investigaciones, para iniciar las indagatorias bajo los protocolos de feminicidio.<\/p>\n\n\n\n<p>En lo que va del mes de mayo, suman con este caso tres mujeres asesinadas, una de ellas en San Agust\u00edn Loxicha, el pasado mi\u00e9rcoles 3 de mayo y otra el 4 de mayo, en El Tomatal, Santa Mar\u00eda Colotepec.<\/p>\n","protected":false},"excerpt":{"rendered":"<p>Redacci\u00f3n\/Zona Roja. Foto: Especial Oaxaca de Ju\u00e1rez, Oax., a 9 de mayo de 2023.- Otra&hellip;<\/p>\n","protected":false},"author":2,"featured_media":55060,"comment_status":"closed","ping_status":"open","sticky":false,"template":"","format":"standard","meta":{"_lmt_disableupdate":"","_lmt_disable":"","_jetpack_memberships_contains_paid_content":false,"footnotes":""},"categories":[109,51],"tags":[610,835],"class_list":["post-55059","post","type-post","status-publish","format-standard","has-post-thumbnail","hentry","category-minuto-a-minuto","category-zona-roja","tag-feminicidios-oaxaca","tag-ocotlan-de-morelos"],"jetpack_featured_media_url":"https:\/\/zonaroja.com.mx\/wp-content\/uploads\/2023\/05\/Feminicidio-Ocotlan-Oaxaca.jpg","jetpack_sharing_enabled":true,"_links":{"self":[{"href":"https:\/\/zonaroja.com.mx\/index.php?rest_route=\/wp\/v2\/posts\/55059","targetHints":{"allow":["GET"]}}],"collection":[{"href":"https:\/\/zonaroja.com.mx\/index.php?rest_route=\/wp\/v2\/posts"}],"about":[{"href":"https:\/\/zonaroja.com.mx\/index.php?rest_route=\/wp\/v2\/types\/post"}],"author":[{"embeddable":true,"href":"https:\/\/zonaroja.com.mx\/index.php?rest_route=\/wp\/v2\/users\/2"}],"replies":[{"embeddable":true,"href":"https:\/\/zonaroja.com.mx\/index.php?rest_route=%2Fwp%2Fv2%2Fcomments&post=55059"}],"version-history":[{"count":1,"href":"https:\/\/zonaroja.com.mx\/index.php?rest_route=\/wp\/v2\/posts\/55059\/revisions"}],"predecessor-version":[{"id":55061,"href":"https:\/\/zonaroja.com.mx\/index.php?rest_route=\/wp\/v2\/posts\/55059\/revisions\/55061"}],"wp:featuredmedia":[{"embeddable":true,"href":"https:\/\/zonaroja.com.mx\/index.php?rest_route=\/wp\/v2\/media\/55060"}],"wp:attachment":[{"href":"https:\/\/zonaroja.com.mx\/index.php?rest_route=%2Fwp%2Fv2%2Fmedia&parent=55059"}],"wp:term":[{"taxonomy":"category","embeddable":true,"href":"https:\/\/zonaroja.com.mx\/index.php?rest_route=%2Fwp%2Fv2%2Fcategories&post=55059"},{"taxonomy":"post_tag","embeddable":true,"href":"https:\/\/zonaroja.com.mx\/index.php?rest_route=%2Fwp%2Fv2%2Ftags&post=55059"}],"curies":[{"name":"wp","href":"https:\/\/api.w.org\/{rel}","templated":true}]}}