{"id":55066,"date":"2023-05-09T17:44:21","date_gmt":"2023-05-09T22:44:21","guid":{"rendered":"http:\/\/www.zonaroja.com.mx\/?p=55066"},"modified":"2023-05-09T17:44:23","modified_gmt":"2023-05-09T22:44:23","slug":"gobierno-de-oaxaca-desdena-a-ninez-de-amoltepec-mes-y-medio-sin-clases","status":"publish","type":"post","link":"https:\/\/zonaroja.com.mx\/?p=55066","title":{"rendered":"Gobierno de Oaxaca desde\u00f1a a ni\u00f1ez de Amoltepec: mes y medio sin clases"},"content":{"rendered":"\n<p>Yuridiana Sosa\/Zona Roja.<\/p>\n\n\n\n<p>Oaxaca de Ju\u00e1rez, Oax., a 9 de mayo de 2023.- La Secci\u00f3n 22 del Sindicato Nacional de Trabajadores de la Educaci\u00f3n (SNTE) se\u00f1al\u00f3 el desinter\u00e9s del gobernador Salom\u00f3n Jara para garantizar la seguridad del sector educativo en Santiago Amoltepec, donde por la violencia se suspendieron clases desde hace 48 d\u00edas.<\/p>\n\n\n\n<p>En conferencia de prensa, encabezada por la secretaria General de la gremial, Yenny Aracely P\u00e9rez Mart\u00ednez, la Secci\u00f3n 22 indic\u00f3 el incumplimiento del Gobierno del Estado para dar soluci\u00f3n a esa problem\u00e1tica, as\u00ed como indic\u00f3 que hasta ahora las respuestas al pliego de peticiones fueron calificadas como insuficientes e insatisfactorias.<\/p>\n\n\n\n<p>Sobre la situaci\u00f3n de inseguridad en Amoltepec, en la Sierra Sur, la l\u00edder sindical que adem\u00e1s de que prevalece la injusticia por el asesinato de su compa\u00f1ero Omar Torres Jim\u00e9nez, ocurrida el pasado 22 de marzo, el gobierno de Oaxaca tampoco ha cumplido con el env\u00edo de suficientes elementos de seguridad ni de la Guardia Nacional.<\/p>\n\n\n\n<p>Apenas unos 16 elementos de la Polic\u00eda del Estado realizan recorridos espor\u00e1dicos para cubrir m\u00e1s de 30 agencias municipales, por lo que eso no garantiza la seguridad para que regresen los 258 profesores de los diferentes niveles educativos que salieron del municipio ante la violencia.<\/p>\n\n\n\n<p>UNA BURLA<\/p>\n\n\n\n<p>Los profesores adscritos a Santiago Amoltepec calificaron de ineptitud y desinter\u00e9s las decisiones del gobierno del estado para no enviar a la Guardia Nacional pese a los diferentes acuerdos que se han firmado.<\/p>\n\n\n\n<figure class=\"wp-block-embed is-type-rich is-provider-twitter wp-block-embed-twitter\"><div class=\"wp-block-embed__wrapper\">\n<div class=\"twitter-tweet\"><blockquote class=\"twitter-tweet\" data-lang=\"es\"><p lang=\"es\" dir=\"ltr\">Al gobierno de <a href=\"https:\/\/twitter.com\/salomonj?ref_src=twsrc%5Etfw\">@salomonj<\/a> no le interesa la educaci\u00f3n, sentenci\u00f3 la dirigente de la Secci\u00f3n 22 del SNTE, Yenny Aracely P\u00e9rez, al respaldar a los docentes de Santiago Amoltepec, que exigen seguridad para regresar a las aulas. <br>Van 48 d\u00edas sin clases m\u00e1s de 4,500 alumnos. La\u2026 <a href=\"https:\/\/t.co\/6aXuBVORUe\">pic.twitter.com\/6aXuBVORUe<\/a><\/p>&mdash; Zona Roja Oaxaca (@ZonaRoja_Oaxaca) <a href=\"https:\/\/twitter.com\/ZonaRoja_Oaxaca\/status\/1655967228075073538?ref_src=twsrc%5Etfw\">9 de mayo de 2023<\/a><\/blockquote><\/div>\n<\/div><\/figure>\n\n\n\n<p>Representantes del nivel de T\u00e9cnicas y Educaci\u00f3n Ind\u00edgena indicaron que el gobierno s\u00f3lo se burla de ellos al cambiar de forma constante las fechas para el supuesto despliegue de las fuerzas.<\/p>\n\n\n\n<p>\u00c1ngel Torres, de Educaci\u00f3n Ind\u00edgena, precis\u00f3 que desde hace cinco meses realizan mesas de trabajo con el gobierno del estado, sin que \u00e9stas garanticen respuestas reales, lo cual no es distinto en el tema de Amoltepec.<\/p>\n\n\n\n<p>Apenas ayer, dijo, les llamaron para realizar la log\u00edstica para el arribo de la Guardia Nacional este martes, pero este mismo d\u00eda se pospuso para que se realice en una semana, lo cual ha pasado en otras ocasiones.<\/p>\n\n\n\n<p>\u201cNo hay voluntad del gobierno, no le interesa la cuesti\u00f3n educativa\u201d, destacaron los docentes, pues son unos cuatro mil 500 alumnos, de 70 planteles, que no tienen clases.<\/p>\n\n\n\n<p>INSATISFACTORIAS<\/p>\n\n\n\n<p>Tras la asamblea plenaria del pasado 5 de mayo, la Secci\u00f3n 22 de SNTE calific\u00f3 como insuficientes las respuestas emitidas por el gobernador Salom\u00f3n Jara a su pliego de demandas.<\/p>\n\n\n\n<p>La contestaci\u00f3n del mandatario ser\u00e1 analizada por las bases y el 15 de mayo, tras la marcha por el D\u00eda del Maestro se someter\u00e1 a consideraci\u00f3n para emitir su posicionamiento y decidir acciones.<\/p>\n\n\n\n<figure class=\"wp-block-embed is-type-rich is-provider-twitter wp-block-embed-twitter\"><div class=\"wp-block-embed__wrapper\">\n<div class=\"twitter-tweet\"><blockquote class=\"twitter-tweet\" data-lang=\"es\"><p lang=\"es\" dir=\"ltr\">2. Sin embargo, tras ser interceptado por maestros de Amoltepec en el centro de la ciudad de Oaxaca, el titular del <a href=\"https:\/\/twitter.com\/IEEPOGobOax?ref_src=twsrc%5Etfw\">@IEEPOGobOax<\/a>, <a href=\"https:\/\/twitter.com\/EMILIOMONTEROP?ref_src=twsrc%5Etfw\">@emiliomonterop<\/a>, desestim\u00f3 la determinaci\u00f3n de la Asamblea Plenaria y dijo que todos los a\u00f1os ocurre.<br>Respecto a la crisis en Amoltepec, expuso que en\u2026 <a href=\"https:\/\/t.co\/s0zRNgttUm\">pic.twitter.com\/s0zRNgttUm<\/a><\/p>&mdash; Zona Roja Oaxaca (@ZonaRoja_Oaxaca) <a href=\"https:\/\/twitter.com\/ZonaRoja_Oaxaca\/status\/1656005508510420992?ref_src=twsrc%5Etfw\">9 de mayo de 2023<\/a><\/blockquote><\/div>\n<\/div><\/figure>\n","protected":false},"excerpt":{"rendered":"<p>Yuridiana Sosa\/Zona Roja. Oaxaca de Ju\u00e1rez, Oax., a 9 de mayo de 2023.- La Secci\u00f3n&hellip;<\/p>\n","protected":false},"author":2,"featured_media":55067,"comment_status":"closed","ping_status":"open","sticky":false,"template":"","format":"standard","meta":{"_lmt_disableupdate":"","_lmt_disable":"","_jetpack_memberships_contains_paid_content":false,"footnotes":""},"categories":[109,47],"tags":[860,312],"class_list":["post-55066","post","type-post","status-publish","format-standard","has-post-thumbnail","hentry","category-minuto-a-minuto","category-zona-gris","tag-santiago-amoltepec","tag-seccion-22-del-snte"],"jetpack_featured_media_url":"https:\/\/zonaroja.com.mx\/wp-content\/uploads\/2023\/05\/Seccion-22-caso-Amoltepec-conferencia.jpg","jetpack_sharing_enabled":true,"_links":{"self":[{"href":"https:\/\/zonaroja.com.mx\/index.php?rest_route=\/wp\/v2\/posts\/55066","targetHints":{"allow":["GET"]}}],"collection":[{"href":"https:\/\/zonaroja.com.mx\/index.php?rest_route=\/wp\/v2\/posts"}],"about":[{"href":"https:\/\/zonaroja.com.mx\/index.php?rest_route=\/wp\/v2\/types\/post"}],"author":[{"embeddable":true,"href":"https:\/\/zonaroja.com.mx\/index.php?rest_route=\/wp\/v2\/users\/2"}],"replies":[{"embeddable":true,"href":"https:\/\/zonaroja.com.mx\/index.php?rest_route=%2Fwp%2Fv2%2Fcomments&post=55066"}],"version-history":[{"count":1,"href":"https:\/\/zonaroja.com.mx\/index.php?rest_route=\/wp\/v2\/posts\/55066\/revisions"}],"predecessor-version":[{"id":55068,"href":"https:\/\/zonaroja.com.mx\/index.php?rest_route=\/wp\/v2\/posts\/55066\/revisions\/55068"}],"wp:featuredmedia":[{"embeddable":true,"href":"https:\/\/zonaroja.com.mx\/index.php?rest_route=\/wp\/v2\/media\/55067"}],"wp:attachment":[{"href":"https:\/\/zonaroja.com.mx\/index.php?rest_route=%2Fwp%2Fv2%2Fmedia&parent=55066"}],"wp:term":[{"taxonomy":"category","embeddable":true,"href":"https:\/\/zonaroja.com.mx\/index.php?rest_route=%2Fwp%2Fv2%2Fcategories&post=55066"},{"taxonomy":"post_tag","embeddable":true,"href":"https:\/\/zonaroja.com.mx\/index.php?rest_route=%2Fwp%2Fv2%2Ftags&post=55066"}],"curies":[{"name":"wp","href":"https:\/\/api.w.org\/{rel}","templated":true}]}}