{"id":55074,"date":"2023-05-09T23:31:31","date_gmt":"2023-05-10T04:31:31","guid":{"rendered":"http:\/\/www.zonaroja.com.mx\/?p=55074"},"modified":"2023-05-10T08:20:10","modified_gmt":"2023-05-10T13:20:10","slug":"ofrecen-disculpas-publicas-gobierno-de-oaxaca-y-fgeo-por-inacciones-yuridiana-sosa-zona-roja","status":"publish","type":"post","link":"https:\/\/zonaroja.com.mx\/?p=55074","title":{"rendered":"Ofrecen disculpas p\u00fablicas gobierno de Oaxaca y FGEO, por inacciones"},"content":{"rendered":"\n<p>Yuridiana Sosa\/Zona Roja.<\/p>\n\n\n\n<p>Oaxaca de Ju\u00e1rez, Oax., a 9 de mayo de 2023.- Por primera vez en la historia de Oaxaca, el Gobierno del Estado y la Fiscal\u00eda General del Estado ofrecieron disculpas p\u00fablicas por la desaparici\u00f3n de dos oaxaque\u00f1os, desde hace 35 y siete a\u00f1os, respectivamente, al no realizarse las acciones necesarias para su b\u00fasqueda y localizaci\u00f3n.<\/p>\n\n\n\n<p>Las disculpas p\u00fablicas son por los casos del profesor Modesto Patolzin Moic\u00e9n, cuya desaparici\u00f3n ocurri\u00f3 el 20 de febrero de 1988 en el trayecto de Oaxaca a Pinotepa Nacional, en el contexto de la \u201cguerra sucia\u201d y Ren\u00e9 Alejandro Cruz Esteban, ocurrida el 1 de septiembre de 2017 en Santa Rosa Panzacola, Oaxaca de Ju\u00e1rez.<\/p>\n\n\n\n<p>En representaci\u00f3n de la Fiscal\u00eda General del Estado de Oaxaca, el titular Bernardo Rodr\u00edguez Alamilla, ofreci\u00f3 disculpas y reconoci\u00f3 la responsabilidad de esta instituci\u00f3n en la falta de investigaci\u00f3n diligente en relaci\u00f3n a la desaparici\u00f3n del profesor Modesto Patolzin y de Ren\u00e9 Alejandro Cruz.<\/p>\n\n\n\n<p>As\u00ed tambi\u00e9n reconoci\u00f3 la falta de acciones estructurales que han provocado que hasta el momento no se haya logrado y esclarecido sus paraderos.<\/p>\n\n\n\n<p>Con estos hechos se causaron da\u00f1os que ha generado a las v\u00edctimas, de ellos y sus familias, una violaci\u00f3n masiva de otra serie de derechos, entre ellos al reconocimiento de su personalidad jur\u00eddica, a la libertad, la seguridad de su persona , a no ser sometidos a tortura ni a otros tratos crueles, inhumanos y degradantes, adem\u00e1s de atentar contra el derecho a la vida entre otros, manifest\u00f3 Rodr\u00edguez Alamilla.<\/p>\n\n\n\n<p>El fiscal de Oaxaca se\u00f1al\u00f3 que el reconocimiento de las responsabilidades es tan solo un paso dentro del proceso de la reparaci\u00f3n integral, pero para la Fiscal\u00eda no es una acci\u00f3n menor, pues es una manifestaci\u00f3n concreta de su compromiso por el pleno respeto a los derechos humanos de las v\u00edctimas y familiares para encontrarlos.<\/p>\n\n\n\n<p>Por su parte, el gobernador del estado, Salom\u00f3n Jara Cruz, tambi\u00e9n ofreci\u00f3 disculpas p\u00fablicas para los familiares de ambas v\u00edctimas de desaparici\u00f3n.<\/p>\n\n\n\n<p>El mandatario apunt\u00f3 que existe voluntad de contribuir a reconstruir la memoria colectiva y la confianza en las instituciones del estado, por lo que se comprometi\u00f3 a dar acompa\u00f1amiento a todas las v\u00edctimas que luchan contra la indiferencia, la impunidad, negaci\u00f3n silencio y olvido. \u201cReconocemos que el Estado no ha estado a la altura de las madres que buscan a sus hijas e hijos\u201d. &nbsp;<\/p>\n\n\n\n<p>Jara Cruz apunt\u00f3 que el gobierno del estado asume su responsabilidad para con las v\u00edctimas y cumple con una m\u00ednima parte de lo que merecen.<\/p>\n\n\n\n<p>\u201cA nombre del Estado de Oaxaca y sus instituciones ofrezco una disculpa p\u00fablica a la familia del profesor Modesto Patolzin\u2026tambi\u00e9n para la familia de Ren\u00e9 Alejandro Cruz\u201d, a quienes reconoci\u00f3 su lucha incansable por la b\u00fasqueda de sus seres queridos y quienes ha sufrido del dolor de su ausencia, mismo que se \u201cprofundiza con la dilaci\u00f3n, obstrucci\u00f3n, omisiones cometidas por las instancias que debieron apoyarlas\u201d.<\/p>\n\n\n\n<p>En el acto estuvieron presentes las profesoras Liboria Miranda Silva, esposa del profesor Modesto Patolzin Moic\u00e9n y Aurora Guadalupe Esteban Hern\u00e1ndez, madre del joven desaparecido a los 26 a\u00f1os de edad.<\/p>\n\n\n\n<p>LOS CASOS<\/p>\n\n\n\n<p>Por la desaparici\u00f3n de Modesto Patolzin Moic\u00e9n y luego de nueve a\u00f1os de omisi\u00f3n en su b\u00fasqueda, en 1997 su familia present\u00f3 ante la Corte Interamericana de Derechos Humanos una denuncia contra el Estado Mexicano por las violaciones cometidas en el caso, en el cual no se ofrec\u00eda informaci\u00f3n de las investigaciones.<\/p>\n\n\n\n<p>En octubre de 2007 el gobierno del estado firm\u00f3 un acuerdo amistoso en el que se compromet\u00eda a esclarecer los hechos a fin de determinar el paradero del profesor, pero no se cumpli\u00f3.<\/p>\n\n\n\n<p>En tanto que por la desaparici\u00f3n de Cruz Esteban, el 30 de junio de 2020 la madre present\u00f3 una &nbsp;queja ante la DDHPO por la dilaci\u00f3n del &nbsp;personal de la FGEO en las investigaciones.<\/p>\n\n\n\n<p>El 3 octubre de 2020 la DDHPO emiti\u00f3 la recomendaci\u00f3n en contra la Fiscal\u00eda de Oaxaca por violaciones al derecho a la justicia y al derecho a toda persona desaparecida a ser buscada.<\/p>\n\n\n\n<p>Dentro de los puntos recomendatorios, se solicit\u00f3 la colaboraci\u00f3n al gobierno del estado y a la Comisi\u00f3n Estatal de B\u00fasqueda para que colaboren con las autoridades correspondientes para brindar atenci\u00f3n a las v\u00edctimas y con esto tutelar efectivamente sus derechos.<\/p>\n\n\n\n<p>Tambi\u00e9n se orden\u00f3 la inscripci\u00f3n de la familiar al registro estatal y nacional de v\u00edctimas y la realizaci\u00f3n de un acto de disculpa p\u00fablica, entre otros puntos, inform\u00f3 la coordinadora para la Atenci\u00f3n de los Derechos Humanos Flor Estela Morales Hern\u00e1ndez.<\/p>\n","protected":false},"excerpt":{"rendered":"<p>Yuridiana Sosa\/Zona Roja. Oaxaca de Ju\u00e1rez, Oax., a 9 de mayo de 2023.- Por primera&hellip;<\/p>\n","protected":false},"author":2,"featured_media":55076,"comment_status":"closed","ping_status":"open","sticky":false,"template":"","format":"standard","meta":{"_lmt_disableupdate":"","_lmt_disable":"","_jetpack_memberships_contains_paid_content":false,"footnotes":""},"categories":[109,47],"tags":[939],"class_list":["post-55074","post","type-post","status-publish","format-standard","has-post-thumbnail","hentry","category-minuto-a-minuto","category-zona-gris","tag-salomon-jara-cruz"],"jetpack_featured_media_url":"https:\/\/zonaroja.com.mx\/wp-content\/uploads\/2023\/05\/Salomon-Jara-disculpa-publica-Seccion-22.jpeg","jetpack_sharing_enabled":true,"_links":{"self":[{"href":"https:\/\/zonaroja.com.mx\/index.php?rest_route=\/wp\/v2\/posts\/55074","targetHints":{"allow":["GET"]}}],"collection":[{"href":"https:\/\/zonaroja.com.mx\/index.php?rest_route=\/wp\/v2\/posts"}],"about":[{"href":"https:\/\/zonaroja.com.mx\/index.php?rest_route=\/wp\/v2\/types\/post"}],"author":[{"embeddable":true,"href":"https:\/\/zonaroja.com.mx\/index.php?rest_route=\/wp\/v2\/users\/2"}],"replies":[{"embeddable":true,"href":"https:\/\/zonaroja.com.mx\/index.php?rest_route=%2Fwp%2Fv2%2Fcomments&post=55074"}],"version-history":[{"count":2,"href":"https:\/\/zonaroja.com.mx\/index.php?rest_route=\/wp\/v2\/posts\/55074\/revisions"}],"predecessor-version":[{"id":55092,"href":"https:\/\/zonaroja.com.mx\/index.php?rest_route=\/wp\/v2\/posts\/55074\/revisions\/55092"}],"wp:featuredmedia":[{"embeddable":true,"href":"https:\/\/zonaroja.com.mx\/index.php?rest_route=\/wp\/v2\/media\/55076"}],"wp:attachment":[{"href":"https:\/\/zonaroja.com.mx\/index.php?rest_route=%2Fwp%2Fv2%2Fmedia&parent=55074"}],"wp:term":[{"taxonomy":"category","embeddable":true,"href":"https:\/\/zonaroja.com.mx\/index.php?rest_route=%2Fwp%2Fv2%2Fcategories&post=55074"},{"taxonomy":"post_tag","embeddable":true,"href":"https:\/\/zonaroja.com.mx\/index.php?rest_route=%2Fwp%2Fv2%2Ftags&post=55074"}],"curies":[{"name":"wp","href":"https:\/\/api.w.org\/{rel}","templated":true}]}}