{"id":55078,"date":"2023-05-10T09:25:00","date_gmt":"2023-05-10T14:25:00","guid":{"rendered":"http:\/\/www.zonaroja.com.mx\/?p=55078"},"modified":"2023-05-10T07:55:21","modified_gmt":"2023-05-10T12:55:21","slug":"mexico-pone-fin-a-la-emergencia-sanitaria-por-covid-10","status":"publish","type":"post","link":"https:\/\/zonaroja.com.mx\/?p=55078","title":{"rendered":"M\u00e9xico pone fin a la emergencia sanitaria por Covid-10"},"content":{"rendered":"\n<p>Redacci\u00f3n\/Zona Roja Cdmx.<\/p>\n\n\n\n<p>Ciudad de M\u00e9xico, a 10 de mayo de 2023.- El gobierno de M\u00e9xico puso fin a la emergencia sanitaria por Covid-19, en concordancia con los lineamientos establecidos por la Organizaci\u00f3n Mundial de la Salud (OMS), inform\u00f3 el Subsecretario de Salud, Hugo L\u00f3pez Gatell.<\/p>\n\n\n\n<p>En rueda de prensa y visiblemente afectado por un resfriado, dijo que en M\u00e9xico se cumplen con las condiciones establecidas por la OMS, entre ellas, una baja de contagios, de hospitalizaciones y de muertes, y alta inmunidad de la poblaci\u00f3n.<\/p>\n\n\n\n<p>\u201cDado que se cumplen las caracter\u00edsticas que ha considerado la OMS para suspender la emergencia de salud p\u00fablica de inter\u00e9s internacional, tambi\u00e9n se ha tomado esta decisi\u00f3n para el propio pa\u00eds.<\/p>\n\n\n\n<p>\u201cEl Presidente ha firmado un decreto que pone fin a la vigencia del decreto original del 23 de marzo de 2020 en el que se estableci\u00f3 la situaci\u00f3n de emergencia sanitaria asociada con Covid-19\u201d, puntualiz\u00f3 L\u00f3pez Gatell.<\/p>\n\n\n\n<p>El funcionario expuso que habr\u00e1 medidas a mediano y largo plazo que se deber\u00e1n observar para garantizar que no habr\u00e1 un rebrote intenso de la enfermedad.<\/p>\n\n\n\n<p>Entre las acciones est\u00e1n el mantener las medidas de higiene personal y colectivas, la colaboraci\u00f3n entre instancias de salud, mantener la vigilancia, el monitoreo y el aislamiento de casos, mantener el plan de vacunaci\u00f3n, y actualizar planes de respuesta.<\/p>\n\n\n\n<p>Reconoci\u00f3 que Covid ya ser\u00e1 una enfermedad que permanecer\u00e1 por siempre.<\/p>\n\n\n\n<p>\u201cTermina el estado de emergencia&nbsp; de salud p\u00fablica de inter\u00e9s internacional, pero desde luego la existencia de Covid-19, como una enfermedad de car\u00e1cter epid\u00e9mico o el propio virus SARS-Cov-2, permanecer\u00e1 seguramente de manera perpetua en la especie humana\u201d, reiter\u00f3 L\u00f3pez Gatell.<\/p>\n\n\n\n<p>Destac\u00f3 la reconversi\u00f3n del sistema de salud, que, afirm\u00f3, fue la m\u00e1s importante en la historia de la humanidad y en M\u00e9xico destac\u00f3 la contribuci\u00f3n del IMSS.<\/p>\n\n\n\n<p>INICIA HOY<\/p>\n\n\n\n<p>A partir de hoy mi\u00e9rcoles 10 de mayo, en M\u00e9xico, se da por concluida la emergencia sanitaria por la pandemia de covid-19, de acuerdo a la edici\u00f3n vespertina, que el Diario Oficial de la Federaci\u00f3n (DOF) public\u00f3 ayer martes.<\/p>\n\n\n\n<p>\u201cSe declara terminada la acci\u00f3n extraordinaria en materia de salubridad general que tuvo por objeto prevenir, controlar y mitigar la enfermedad causada por el virus Sars-Cov-2 (Covid-19), ordenada en el decreto por el que se declaran acciones extraordinarias en las regiones afectadas de todo el territorio nacional en materia de salubridad general para combatir la enfermedad grave de atenci\u00f3n prioritaria generada por el virus Sars-Cov-2 (covid-19), publicado en el DOF, el 27 de marzo de 2020\u201d, se lee textual.<\/p>\n\n\n\n<p>El decreto tambi\u00e9n especifica que a m\u00e1s tardar en un mes la Secretar\u00eda de Salud deber\u00e1&nbsp; emitir el plan de gesti\u00f3n a largo plazo para el control de covid-19, \u201cdentro de los 30 d\u00edas naturales siguientes contados a partir de la entrada en vigor del presente decreto\u201d.<\/p>\n\n\n\n<p>Y enfatiza que la autoridad sanitaria deber\u00e1 integrar la inmunizaci\u00f3n contra covid-19 al programa de vacunaci\u00f3n universal en el pa\u00eds.<\/p>\n\n\n\n<p>(Informaci\u00f3n de \u201cExc\u00e9lsior\u201d)<\/p>\n","protected":false},"excerpt":{"rendered":"<p>Redacci\u00f3n\/Zona Roja Cdmx. Ciudad de M\u00e9xico, a 10 de mayo de 2023.- El gobierno de&hellip;<\/p>\n","protected":false},"author":2,"featured_media":12131,"comment_status":"closed","ping_status":"open","sticky":false,"template":"","format":"standard","meta":{"_lmt_disableupdate":"","_lmt_disable":"","_jetpack_memberships_contains_paid_content":false,"footnotes":""},"categories":[109,46],"tags":[1328],"class_list":["post-55078","post","type-post","status-publish","format-standard","has-post-thumbnail","hentry","category-minuto-a-minuto","category-zona-blanca","tag-coronavirus-mexico"],"jetpack_featured_media_url":"https:\/\/zonaroja.com.mx\/wp-content\/uploads\/2020\/05\/IMG_5721.jpg","jetpack_sharing_enabled":true,"_links":{"self":[{"href":"https:\/\/zonaroja.com.mx\/index.php?rest_route=\/wp\/v2\/posts\/55078","targetHints":{"allow":["GET"]}}],"collection":[{"href":"https:\/\/zonaroja.com.mx\/index.php?rest_route=\/wp\/v2\/posts"}],"about":[{"href":"https:\/\/zonaroja.com.mx\/index.php?rest_route=\/wp\/v2\/types\/post"}],"author":[{"embeddable":true,"href":"https:\/\/zonaroja.com.mx\/index.php?rest_route=\/wp\/v2\/users\/2"}],"replies":[{"embeddable":true,"href":"https:\/\/zonaroja.com.mx\/index.php?rest_route=%2Fwp%2Fv2%2Fcomments&post=55078"}],"version-history":[{"count":1,"href":"https:\/\/zonaroja.com.mx\/index.php?rest_route=\/wp\/v2\/posts\/55078\/revisions"}],"predecessor-version":[{"id":55079,"href":"https:\/\/zonaroja.com.mx\/index.php?rest_route=\/wp\/v2\/posts\/55078\/revisions\/55079"}],"wp:featuredmedia":[{"embeddable":true,"href":"https:\/\/zonaroja.com.mx\/index.php?rest_route=\/wp\/v2\/media\/12131"}],"wp:attachment":[{"href":"https:\/\/zonaroja.com.mx\/index.php?rest_route=%2Fwp%2Fv2%2Fmedia&parent=55078"}],"wp:term":[{"taxonomy":"category","embeddable":true,"href":"https:\/\/zonaroja.com.mx\/index.php?rest_route=%2Fwp%2Fv2%2Fcategories&post=55078"},{"taxonomy":"post_tag","embeddable":true,"href":"https:\/\/zonaroja.com.mx\/index.php?rest_route=%2Fwp%2Fv2%2Ftags&post=55078"}],"curies":[{"name":"wp","href":"https:\/\/api.w.org\/{rel}","templated":true}]}}