{"id":55082,"date":"2023-05-10T11:44:00","date_gmt":"2023-05-10T16:44:00","guid":{"rendered":"http:\/\/www.zonaroja.com.mx\/?p=55082"},"modified":"2023-05-10T07:46:00","modified_gmt":"2023-05-10T12:46:00","slug":"realizara-el-poder-judicial-del-estado-una-tertulia-juridica","status":"publish","type":"post","link":"https:\/\/zonaroja.com.mx\/?p=55082","title":{"rendered":"Realizar\u00e1 el Poder Judicial del Estado una Tertulia Jur\u00eddica"},"content":{"rendered":"\n<p>Redacci\u00f3n\/Zona Roja.<\/p>\n\n\n\n<p>Oaxaca de Ju\u00e1rez, Oax., a 10 de mayo de 2023.- La Escuela Judicial&nbsp;del Poder Judicial del Estado&nbsp;y la Sociedad Oaxaque\u00f1a de Abogados \u201cBenito Ju\u00e1rez Garc\u00eda\u201d, realizar\u00e1n el pr\u00f3ximo&nbsp;25&nbsp;de mayo, a las 10:00 horas,&nbsp;la Tertulia Jur\u00eddica&nbsp;con el tema&nbsp;\u201cClasificaci\u00f3n de los Delitos&nbsp;Penales\u201d, que tendr\u00e1 como&nbsp;sede la&nbsp;Biblioteca \u201cJos\u00e9 Vasconcelos\u201d, ubicada en Ciudad Judicial, de Reyes Mantec\u00f3n.<\/p>\n\n\n\n<p>Con un formato ameno, m\u00e1s cercano&nbsp;entre las y los&nbsp;participantes, la Tertulia Jur\u00eddica es un programa de actividades permanentes sobre temas jur\u00eddicos de actualidad, que facilita la comunicaci\u00f3n entre el mundo judicial y el jur\u00eddico con el acad\u00e9mico. Est\u00e1 dirigida a estudiantes universitarios de la carrera de Derecho o af\u00edn, Barras de Abogados, organizaciones no gubernamentales y Asociaciones Civiles.&nbsp;<\/p>\n\n\n\n<p>En esta ocasi\u00f3n como ponente participar\u00e1 el director de la Escuela Judicial, maestro H\u00e9ctor Humberto V\u00e1squez Quevedo, destacado acad\u00e9mico y jurista que ha desempe\u00f1ado diferentes cargos en la administraci\u00f3n p\u00fablica&nbsp;y el sector educativo.&nbsp;<\/p>\n\n\n\n<p>Los profesionistas y personas interesadas&nbsp;en asistir&nbsp;pueden realizar su registro desde el enlace:&nbsp;https:\/\/forms.gle\/UW6ZQs7L1ZQBeURm9<\/p>\n\n\n\n<p>Para mayor informaci\u00f3n&nbsp;sobre&nbsp;la Tertulia Jur\u00eddica&nbsp;se encuentra disponible el n\u00famero telef\u00f3nico 951 501 66 80 extensi\u00f3n 32018 y el correo&nbsp;investigaciondocenciajudicial@gmail.com.<\/p>\n","protected":false},"excerpt":{"rendered":"<p>Redacci\u00f3n\/Zona Roja. Oaxaca de Ju\u00e1rez, Oax., a 10 de mayo de 2023.- La Escuela Judicial&nbsp;del&hellip;<\/p>\n","protected":false},"author":2,"featured_media":55083,"comment_status":"closed","ping_status":"open","sticky":false,"template":"","format":"standard","meta":{"_lmt_disableupdate":"","_lmt_disable":"","_jetpack_memberships_contains_paid_content":false,"footnotes":""},"categories":[109,46],"tags":[223],"class_list":["post-55082","post","type-post","status-publish","format-standard","has-post-thumbnail","hentry","category-minuto-a-minuto","category-zona-blanca","tag-poder-judicial-de-oaxaca"],"jetpack_featured_media_url":"https:\/\/zonaroja.com.mx\/wp-content\/uploads\/2023\/05\/Poder-Judicial-tertulia-juridica.jpg","jetpack_sharing_enabled":true,"_links":{"self":[{"href":"https:\/\/zonaroja.com.mx\/index.php?rest_route=\/wp\/v2\/posts\/55082","targetHints":{"allow":["GET"]}}],"collection":[{"href":"https:\/\/zonaroja.com.mx\/index.php?rest_route=\/wp\/v2\/posts"}],"about":[{"href":"https:\/\/zonaroja.com.mx\/index.php?rest_route=\/wp\/v2\/types\/post"}],"author":[{"embeddable":true,"href":"https:\/\/zonaroja.com.mx\/index.php?rest_route=\/wp\/v2\/users\/2"}],"replies":[{"embeddable":true,"href":"https:\/\/zonaroja.com.mx\/index.php?rest_route=%2Fwp%2Fv2%2Fcomments&post=55082"}],"version-history":[{"count":1,"href":"https:\/\/zonaroja.com.mx\/index.php?rest_route=\/wp\/v2\/posts\/55082\/revisions"}],"predecessor-version":[{"id":55084,"href":"https:\/\/zonaroja.com.mx\/index.php?rest_route=\/wp\/v2\/posts\/55082\/revisions\/55084"}],"wp:featuredmedia":[{"embeddable":true,"href":"https:\/\/zonaroja.com.mx\/index.php?rest_route=\/wp\/v2\/media\/55083"}],"wp:attachment":[{"href":"https:\/\/zonaroja.com.mx\/index.php?rest_route=%2Fwp%2Fv2%2Fmedia&parent=55082"}],"wp:term":[{"taxonomy":"category","embeddable":true,"href":"https:\/\/zonaroja.com.mx\/index.php?rest_route=%2Fwp%2Fv2%2Fcategories&post=55082"},{"taxonomy":"post_tag","embeddable":true,"href":"https:\/\/zonaroja.com.mx\/index.php?rest_route=%2Fwp%2Fv2%2Ftags&post=55082"}],"curies":[{"name":"wp","href":"https:\/\/api.w.org\/{rel}","templated":true}]}}