{"id":55087,"date":"2023-05-10T11:30:00","date_gmt":"2023-05-10T16:30:00","guid":{"rendered":"http:\/\/www.zonaroja.com.mx\/?p=55087"},"modified":"2023-05-10T08:07:30","modified_gmt":"2023-05-10T13:07:30","slug":"acuerdan-presidentes-lopez-obrador-y-biden-trabajar-en-equipo","status":"publish","type":"post","link":"https:\/\/zonaroja.com.mx\/?p=55087","title":{"rendered":"Acuerdan presidentes L\u00f3pez Obrador y\u00a0 Biden \u201ctrabajar en equipo\u201d"},"content":{"rendered":"\n<p>Redacci\u00f3n\/Zona Roja Cdmx.<\/p>\n\n\n\n<p>Ciudad de M\u00e9xico, a 10 de mayo de 2023.- El presidente Andr\u00e9s Manuel L\u00f3pez Obrador tuvo una llamada telef\u00f3nica con el mandatario de Estados Unidos, Joe Biden, la tarde de este martes 9 de mayo, misma en la que abordaron temas de inter\u00e9s de ambos pa\u00edses en la lucha contra las drogas y asuntos fronterizos.<\/p>\n\n\n\n<p>Si bien ambos gobiernos dijeron que la charla fue exitosa y coincidieron en diversos puntos, actualmente la situaci\u00f3n en la frontera es tensa debido a que a partir del jueves 11 de mayo, con el final de la emergencia por Covid, Estados Unidos anular\u00e1 el T\u00edtulo 42, una medida emitida desde el gobierno de Donald Trump que permit\u00eda la expulsi\u00f3n de migrantes bajo el pretexto de la pandemia.<\/p>\n\n\n\n<p>Dicha medida niega el derecho consagrado en leyes estadounidenses e internacionales a solicitar asilo, y tras el fin de la emergencia es posible una nueva ola migrante; sin embargo, autoridades en estados como Texas ya comienzan a reforzar sus fronteras con militares a fin de limitar la entrada de migrantes.<\/p>\n\n\n\n<p>Otro tema pol\u00e9mico entre ambos pa\u00edses es el de la epidemia de fentanilo, droga que mat\u00f3 a cientos de miles de estadounidenses en los \u00faltimos dos a\u00f1os, por lo que legisladores republicanos pidieron la intervenci\u00f3n del Ej\u00e9rcito en M\u00e9xico a fin de eliminar el narcotr\u00e1fico con el que la droga sint\u00e9tica presuntamente llega al pa\u00eds.<\/p>\n\n\n\n<p>Lo anterior provoc\u00f3 una guerra de declaraciones entre el Gobierno de M\u00e9xico y los republicanos.<\/p>\n\n\n\n<p>La llamada de L\u00f3pez Obrador con Joe Biden concluy\u00f3 en la coperaci\u00f3n en tres temas, principalmente en la seguridad y desarrollo econ\u00f3mico entre ambos pa\u00edses.<\/p>\n\n\n\n<p>MIGRACI\u00d3N<\/p>\n\n\n\n<p>Estados Unidos afirm\u00f3 que actualmente se vive una situaci\u00f3n migratoria \u201csin precedentes\u201d en la regi\u00f3n, por lo que discutieron sobre la coordinaci\u00f3n continua entre autoridades fronterizas previo al fin del T\u00edtulo 42 y la implementaci\u00f3n del T\u00edtulo 8, mismo que posiblemente acelere los procesos de entrada o rechazo de Estados Unidos, as\u00ed como pol\u00edticas \u201cposiblemente m\u00e1s restrictivas\u201d, de acuerdo con expertos.<\/p>\n\n\n\n<p>\u201cLos presidentes destacaron la importancia de abordar la migraci\u00f3n desde un enfoque humanista y reiteraron su compromiso de seguir expandiendo las v\u00edas regulares de movilidad en la regi\u00f3n, a fin de que los migrantes puedan solicitar permisos desde sus lugares de origen y no se expongan al tr\u00e1fico de personas\u201d, dijo la oficina de Presidencia en M\u00e9xico.<\/p>\n\n\n\n<p>FENTANILO<\/p>\n\n\n\n<p>En cuanto al tema del tr\u00e1fico de fentanilo, ambos gobiernos destacaron que se conformar\u00e1 una comisi\u00f3n para atender el tr\u00e1fico de armas y de la droga, as\u00ed como una campa\u00f1a binacional sobre la prevenci\u00f3n del convumo de drogas.<\/p>\n\n\n\n<p>\u201cEl presidente Biden se comprometi\u00f3 a utilizar todas las herramientas disponibles para abordar el tr\u00e1fico de armas hacia M\u00e9xico\u201d, dijo el gobierno de Estados Unidos.<\/p>\n\n\n\n<p>CRECIMIENTO ECON\u00d3MICO<\/p>\n\n\n\n<p>El gobierno de M\u00e9xico dijo que otro de los temas en los que abundaron fue el desarrollo de la regi\u00f3n al fomentar medidas que promuevan la igualdad y con las que ambos pa\u00edses puedan crecer econ\u00f3micamente, con lo que se busca generar mayor bienestar.<\/p>\n\n\n\n<p>(Informaci\u00f3n de \u201cEl Financiero\u201d)<\/p>\n","protected":false},"excerpt":{"rendered":"<p>Redacci\u00f3n\/Zona Roja Cdmx. Ciudad de M\u00e9xico, a 10 de mayo de 2023.- El presidente Andr\u00e9s&hellip;<\/p>\n","protected":false},"author":2,"featured_media":55088,"comment_status":"closed","ping_status":"open","sticky":false,"template":"","format":"standard","meta":{"_lmt_disableupdate":"","_lmt_disable":"","_jetpack_memberships_contains_paid_content":false,"footnotes":""},"categories":[109,46],"tags":[143],"class_list":["post-55087","post","type-post","status-publish","format-standard","has-post-thumbnail","hentry","category-minuto-a-minuto","category-zona-blanca","tag-andres-manuel-lopez-obrador"],"jetpack_featured_media_url":"https:\/\/zonaroja.com.mx\/wp-content\/uploads\/2023\/05\/Joe-Biden-Lopez-Obrador.jpeg","jetpack_sharing_enabled":true,"_links":{"self":[{"href":"https:\/\/zonaroja.com.mx\/index.php?rest_route=\/wp\/v2\/posts\/55087","targetHints":{"allow":["GET"]}}],"collection":[{"href":"https:\/\/zonaroja.com.mx\/index.php?rest_route=\/wp\/v2\/posts"}],"about":[{"href":"https:\/\/zonaroja.com.mx\/index.php?rest_route=\/wp\/v2\/types\/post"}],"author":[{"embeddable":true,"href":"https:\/\/zonaroja.com.mx\/index.php?rest_route=\/wp\/v2\/users\/2"}],"replies":[{"embeddable":true,"href":"https:\/\/zonaroja.com.mx\/index.php?rest_route=%2Fwp%2Fv2%2Fcomments&post=55087"}],"version-history":[{"count":1,"href":"https:\/\/zonaroja.com.mx\/index.php?rest_route=\/wp\/v2\/posts\/55087\/revisions"}],"predecessor-version":[{"id":55089,"href":"https:\/\/zonaroja.com.mx\/index.php?rest_route=\/wp\/v2\/posts\/55087\/revisions\/55089"}],"wp:featuredmedia":[{"embeddable":true,"href":"https:\/\/zonaroja.com.mx\/index.php?rest_route=\/wp\/v2\/media\/55088"}],"wp:attachment":[{"href":"https:\/\/zonaroja.com.mx\/index.php?rest_route=%2Fwp%2Fv2%2Fmedia&parent=55087"}],"wp:term":[{"taxonomy":"category","embeddable":true,"href":"https:\/\/zonaroja.com.mx\/index.php?rest_route=%2Fwp%2Fv2%2Fcategories&post=55087"},{"taxonomy":"post_tag","embeddable":true,"href":"https:\/\/zonaroja.com.mx\/index.php?rest_route=%2Fwp%2Fv2%2Ftags&post=55087"}],"curies":[{"name":"wp","href":"https:\/\/api.w.org\/{rel}","templated":true}]}}