{"id":55097,"date":"2023-05-10T15:42:26","date_gmt":"2023-05-10T20:42:26","guid":{"rendered":"http:\/\/www.zonaroja.com.mx\/?p=55097"},"modified":"2023-05-10T15:42:28","modified_gmt":"2023-05-10T20:42:28","slug":"en-10-de-mayo-un-ejecutado-y-narcomanta-en-oaxaca","status":"publish","type":"post","link":"https:\/\/zonaroja.com.mx\/?p=55097","title":{"rendered":"En 10 de mayo: un ejecutado y \u201cnarcomanta\u201d en Oaxaca"},"content":{"rendered":"\n<p>Redacci\u00f3n\/Zona Roja.<\/p>\n\n\n\n<p>Oaxaca de Ju\u00e1rez, Oax., 10 de mayo de 2023.- Mientras representantes del Gobierno del Estado aseguraron hoy en conferencia de prensa que Oaxaca sigue siendo un estado seguro, en la regi\u00f3n del Istmo asesinaron a balazos a una persona y en Valles Centrales colocaron una \u201cnarcomanta\u201d con una cabeza de cerdo.<\/p>\n\n\n\n<p>Fue en la carretera que comunica de Santo Domingo Tehuantepec con Santa Mar\u00eda Mixtequilla en que fue hallado un cuerpo sin vida de una persona adulta, a\u00fan no identificada.<\/p>\n\n\n\n<p>Se hall\u00f3 en jurisdicci\u00f3n del primer municipio, en un terreno ubicado en el barrio San Sebasti\u00e1n y presentaba varios impactos de arma de fuego.<\/p>\n\n\n\n<p>Personal de la Vicefiscal\u00eda Regional del Istmo inici\u00f3 las indagatorias correspondientes para identificar al o los autores del crimen.<\/p>\n\n\n\n<p>Mientras tanto, tambi\u00e9n la ma\u00f1ana de hoy pero en el municipio de Santa Mar\u00eda Atzompa, fue colocada una \u201cnarcomanta\u201d, con mensajes amenazantes de un supuesto grupo delictivo.<\/p>\n\n\n\n<p>Asimismo, una cabeza de cerdo, en una bolsa de pl\u00e1stico de color negra, ambas en el estacionamiento de una tienda de conveniencia.<\/p>\n\n\n\n<p>Pese a que hay c\u00e1maras de seguridad en la zona, a\u00fan no se conoce qui\u00e9n o qui\u00e9nes lo habr\u00edan colocado en el sitio, por lo cual la Fiscal\u00eda General del Estado inici\u00f3 las investigaciones correspondientes.<\/p>\n\n\n\n<figure class=\"wp-block-embed is-type-rich is-provider-twitter wp-block-embed-twitter\"><div class=\"wp-block-embed__wrapper\">\n<div class=\"twitter-tweet\"><blockquote class=\"twitter-tweet\" data-lang=\"es\"><p lang=\"es\" dir=\"ltr\"><a href=\"https:\/\/twitter.com\/hashtag\/OaxacaRojo?src=hash&amp;ref_src=twsrc%5Etfw\">#OaxacaRojo<\/a><br>Previo a la conferencia de seguridad del <a href=\"https:\/\/twitter.com\/GobOax?ref_src=twsrc%5Etfw\">@goboax<\/a>, en Santo Domingo Tehuantepec fue asesinada a balazos una persona. <br>Mientras que en Santa Mar\u00eda Atzompa colocaron una manta con supuesto mensaje del crimen organizado y una cabeza de puerco en una bolsa. <a href=\"https:\/\/t.co\/NpNqSbGr9j\">pic.twitter.com\/NpNqSbGr9j<\/a><\/p>&mdash; Zona Roja Oaxaca (@ZonaRoja_Oaxaca) <a href=\"https:\/\/twitter.com\/ZonaRoja_Oaxaca\/status\/1656354931304177664?ref_src=twsrc%5Etfw\">10 de mayo de 2023<\/a><\/blockquote><\/div>\n<\/div><\/figure>\n","protected":false},"excerpt":{"rendered":"<p>Redacci\u00f3n\/Zona Roja. Oaxaca de Ju\u00e1rez, Oax., 10 de mayo de 2023.- Mientras representantes del Gobierno&hellip;<\/p>\n","protected":false},"author":2,"featured_media":29993,"comment_status":"closed","ping_status":"open","sticky":false,"template":"","format":"standard","meta":{"_lmt_disableupdate":"","_lmt_disable":"","_jetpack_memberships_contains_paid_content":false,"footnotes":""},"categories":[109,51],"tags":[125],"class_list":["post-55097","post","type-post","status-publish","format-standard","has-post-thumbnail","hentry","category-minuto-a-minuto","category-zona-roja","tag-santo-domingo-tehuantepec"],"jetpack_featured_media_url":"https:\/\/zonaroja.com.mx\/wp-content\/uploads\/2021\/07\/Escena-balazos.jpg","jetpack_sharing_enabled":true,"_links":{"self":[{"href":"https:\/\/zonaroja.com.mx\/index.php?rest_route=\/wp\/v2\/posts\/55097","targetHints":{"allow":["GET"]}}],"collection":[{"href":"https:\/\/zonaroja.com.mx\/index.php?rest_route=\/wp\/v2\/posts"}],"about":[{"href":"https:\/\/zonaroja.com.mx\/index.php?rest_route=\/wp\/v2\/types\/post"}],"author":[{"embeddable":true,"href":"https:\/\/zonaroja.com.mx\/index.php?rest_route=\/wp\/v2\/users\/2"}],"replies":[{"embeddable":true,"href":"https:\/\/zonaroja.com.mx\/index.php?rest_route=%2Fwp%2Fv2%2Fcomments&post=55097"}],"version-history":[{"count":1,"href":"https:\/\/zonaroja.com.mx\/index.php?rest_route=\/wp\/v2\/posts\/55097\/revisions"}],"predecessor-version":[{"id":55098,"href":"https:\/\/zonaroja.com.mx\/index.php?rest_route=\/wp\/v2\/posts\/55097\/revisions\/55098"}],"wp:featuredmedia":[{"embeddable":true,"href":"https:\/\/zonaroja.com.mx\/index.php?rest_route=\/wp\/v2\/media\/29993"}],"wp:attachment":[{"href":"https:\/\/zonaroja.com.mx\/index.php?rest_route=%2Fwp%2Fv2%2Fmedia&parent=55097"}],"wp:term":[{"taxonomy":"category","embeddable":true,"href":"https:\/\/zonaroja.com.mx\/index.php?rest_route=%2Fwp%2Fv2%2Fcategories&post=55097"},{"taxonomy":"post_tag","embeddable":true,"href":"https:\/\/zonaroja.com.mx\/index.php?rest_route=%2Fwp%2Fv2%2Ftags&post=55097"}],"curies":[{"name":"wp","href":"https:\/\/api.w.org\/{rel}","templated":true}]}}