{"id":55099,"date":"2023-05-10T15:49:14","date_gmt":"2023-05-10T20:49:14","guid":{"rendered":"http:\/\/www.zonaroja.com.mx\/?p=55099"},"modified":"2023-05-10T15:49:15","modified_gmt":"2023-05-10T20:49:15","slug":"el-10-de-mayo-dia-de-lucha-y-protesta-para-las-madres-buscadoras","status":"publish","type":"post","link":"https:\/\/zonaroja.com.mx\/?p=55099","title":{"rendered":"El 10 de mayo: d\u00eda de lucha y protesta para las madres buscadoras"},"content":{"rendered":"\n<p>Yuridiana Sosa\/Zona Roja.<\/p>\n\n\n\n<p>Oaxaca de Ju\u00e1rez, Oax., a 10 de mayo de 2023.- Con la mitad de sus almas, el coraz\u00f3n quebrantado, pero con la esperanza de volver a saber sobre sus hijas e hijos desaparecidos, las madres buscadoras de Oaxaca y familiares marcharon este 10 de mayo, para exigir al Gobierno del Estado su localizaci\u00f3n.<\/p>\n\n\n\n<p>Desde hace varios a\u00f1os ellas no celebran un D\u00eda de las Madres ante la ausencia de sus hijos o hijas; no hay d\u00eda en que desistan en su b\u00fasqueda, por eso hoy salieron a las calles para gritar a la sociedad y a las autoridades que para ellas el \u201c\u00a110 de mayo no es de fiesta, es de lucha y de protesta!\u201d.<\/p>\n\n\n\n<p>Agrupadas en diferentes asociaciones, entre ellos, Colectivo Oaxaque\u00f1o Buscando a los Nuestros, Oaxaque\u00f1os Unidos Exigiendo Justicia y Sabuesos Guerreros Oaxaca, las madres, hermanas, hijas, y familiares de los desaparecidos marcharon del Paseo Ju\u00e1rez \u201cEl Llano\u201d al z\u00f3calo de la capital.<\/p>\n\n\n\n<p>Con lonas y playeras con las fotograf\u00edas y datos de sus seres queridos, las tambi\u00e9n v\u00edctimas indirectas de la desaparici\u00f3n trataron de hacer conciencia sobre la situaci\u00f3n que viven. \u201c\u00a1La gente se pregunta y esos qui\u00e9nes son, somos buscadoras y exigimos soluci\u00f3n!\u201d, \u201c\u00a1Por qu\u00e9 los buscamos! \u00a1Porque los amamos!\u201d, \u201c\u00a1Hijo escucha, tu madre est\u00e1 en la lucha!\u201d, gritaron durante su recorrido.<\/p>\n\n\n\n<figure class=\"wp-block-embed is-type-rich is-provider-twitter wp-block-embed-twitter\"><div class=\"wp-block-embed__wrapper\">\n<div class=\"twitter-tweet\"><blockquote class=\"twitter-tweet\" data-lang=\"es\"><p lang=\"es\" dir=\"ltr\"><a href=\"https:\/\/twitter.com\/hashtag\/%C3%9AltimoMinuto?src=hash&amp;ref_src=twsrc%5Etfw\">#\u00daltimoMinuto<\/a><br>&quot;\u00a1Por qu\u00e9 los buscamos! \u00a1Porque los amamos!\u201d.<br>Sale marcha de colectivos del parque \u201cEl Llano\u201d hacia el z\u00f3calo de la capital oaxaque\u00f1a. <a href=\"https:\/\/t.co\/DdiaghBdQp\">pic.twitter.com\/DdiaghBdQp<\/a><\/p>&mdash; Zona Roja Oaxaca (@ZonaRoja_Oaxaca) <a href=\"https:\/\/twitter.com\/ZonaRoja_Oaxaca\/status\/1656340586545152000?ref_src=twsrc%5Etfw\">10 de mayo de 2023<\/a><\/blockquote><\/div>\n<\/div><\/figure>\n\n\n\n<p>SIN AVANCES<\/p>\n\n\n\n<p>Los colectivos coincidieron en que existe una par\u00e1lisis en las investigaciones de la Fiscal\u00eda de Oaxaca para dar con el paradero de sus seres queridos.<\/p>\n\n\n\n<p>Pese a eso, y a la falta de apoyos que han padecido por el gobierno del estado para realizar sus b\u00fasquedas, las familias dieron un voto de confianza al nuevo gobierno encabezado por Salom\u00f3n Jara y a la Fiscal\u00eda ahora al frente de Bernardo Rodr\u00edguez Alamilla, por recibirlos y plantearles sus demandas.<\/p>\n\n\n\n<p>Este 11 de mayo las familias v\u00edctimas se reunir\u00e1n con Ministerios P\u00fablicos para conocer el avance de las carpetas de investigaci\u00f3n de sus casos, pues en ocasiones no cuentan con ning\u00fan tipo de informaci\u00f3n.<\/p>\n\n\n\n<p>Las madres, esposas e hijas destacaron que continuar\u00e1n en su b\u00fasqueda, pero adem\u00e1s desde diferentes espacios, como escuelas o iglesias, dar talleres o pl\u00e1ticas para concientizar sobre este delito y ofrecer medidas de prevenci\u00f3n.<\/p>\n\n\n\n<p>En el z\u00f3calo, tras el mitin de protesta pac\u00edfica, sali\u00f3, de manera inusual, el secretario de Gobierno, Jes\u00fas Romero L\u00f3pez, para atender a las manifestantes de los colectivos. <\/p>\n\n\n\n<p>Sin embargo, s\u00f3lo hall\u00f3 m\u00e1s reclamos incluso de que los han utilizado s\u00f3lo para tomarse la foto o para burlarse de ellos, como fue la determinaci\u00f3n que tom\u00f3 recientemente el Congreso del Estado respecto al titular de la Comisi\u00f3n Estatal de B\u00fasqueda de Personas.<\/p>\n\n\n\n<figure class=\"wp-block-embed is-type-rich is-provider-twitter wp-block-embed-twitter\"><div class=\"wp-block-embed__wrapper\">\n<div class=\"twitter-tweet\"><blockquote class=\"twitter-tweet\" data-lang=\"es\"><p lang=\"es\" dir=\"ltr\"><a href=\"https:\/\/twitter.com\/hashtag\/%C3%9AltimoMinuto?src=hash&amp;ref_src=twsrc%5Etfw\">#\u00daltimoMinuto<\/a><br>En la cara de <a href=\"https:\/\/twitter.com\/jesusromerooax?ref_src=twsrc%5Etfw\">@jesusromerooax<\/a>, familiares de personas desaparecidas en Oaxaca le reprochan enga\u00f1os y burlas, s\u00f3lo los utilizan para la foto, le dicen al titular de la <a href=\"https:\/\/twitter.com\/SEGO_Oax?ref_src=twsrc%5Etfw\">@SEGO_Oax<\/a>. <a href=\"https:\/\/t.co\/ssj2FvaToe\">pic.twitter.com\/ssj2FvaToe<\/a><\/p>&mdash; Zona Roja Oaxaca (@ZonaRoja_Oaxaca) <a href=\"https:\/\/twitter.com\/ZonaRoja_Oaxaca\/status\/1656360874708463616?ref_src=twsrc%5Etfw\">10 de mayo de 2023<\/a><\/blockquote><\/div>\n<\/div><\/figure>\n","protected":false},"excerpt":{"rendered":"<p>Yuridiana Sosa\/Zona Roja. Oaxaca de Ju\u00e1rez, Oax., a 10 de mayo de 2023.- Con la&hellip;<\/p>\n","protected":false},"author":2,"featured_media":55100,"comment_status":"closed","ping_status":"open","sticky":false,"template":"","format":"standard","meta":{"_lmt_disableupdate":"","_lmt_disable":"","_jetpack_memberships_contains_paid_content":false,"footnotes":""},"categories":[109,47],"tags":[642],"class_list":["post-55099","post","type-post","status-publish","format-standard","has-post-thumbnail","hentry","category-minuto-a-minuto","category-zona-gris","tag-personas-desaparecidas-oaxaca"],"jetpack_featured_media_url":"https:\/\/zonaroja.com.mx\/wp-content\/uploads\/2023\/05\/Colectivos-de-madres-buscadoras.jpg","jetpack_sharing_enabled":true,"_links":{"self":[{"href":"https:\/\/zonaroja.com.mx\/index.php?rest_route=\/wp\/v2\/posts\/55099","targetHints":{"allow":["GET"]}}],"collection":[{"href":"https:\/\/zonaroja.com.mx\/index.php?rest_route=\/wp\/v2\/posts"}],"about":[{"href":"https:\/\/zonaroja.com.mx\/index.php?rest_route=\/wp\/v2\/types\/post"}],"author":[{"embeddable":true,"href":"https:\/\/zonaroja.com.mx\/index.php?rest_route=\/wp\/v2\/users\/2"}],"replies":[{"embeddable":true,"href":"https:\/\/zonaroja.com.mx\/index.php?rest_route=%2Fwp%2Fv2%2Fcomments&post=55099"}],"version-history":[{"count":1,"href":"https:\/\/zonaroja.com.mx\/index.php?rest_route=\/wp\/v2\/posts\/55099\/revisions"}],"predecessor-version":[{"id":55101,"href":"https:\/\/zonaroja.com.mx\/index.php?rest_route=\/wp\/v2\/posts\/55099\/revisions\/55101"}],"wp:featuredmedia":[{"embeddable":true,"href":"https:\/\/zonaroja.com.mx\/index.php?rest_route=\/wp\/v2\/media\/55100"}],"wp:attachment":[{"href":"https:\/\/zonaroja.com.mx\/index.php?rest_route=%2Fwp%2Fv2%2Fmedia&parent=55099"}],"wp:term":[{"taxonomy":"category","embeddable":true,"href":"https:\/\/zonaroja.com.mx\/index.php?rest_route=%2Fwp%2Fv2%2Fcategories&post=55099"},{"taxonomy":"post_tag","embeddable":true,"href":"https:\/\/zonaroja.com.mx\/index.php?rest_route=%2Fwp%2Fv2%2Ftags&post=55099"}],"curies":[{"name":"wp","href":"https:\/\/api.w.org\/{rel}","templated":true}]}}