{"id":55102,"date":"2023-05-10T21:22:14","date_gmt":"2023-05-11T02:22:14","guid":{"rendered":"http:\/\/www.zonaroja.com.mx\/?p=55102"},"modified":"2023-05-10T21:22:16","modified_gmt":"2023-05-11T02:22:16","slug":"celebran-sentencia-del-tribunal-superior-de-justicia-por-caso-unistmo","status":"publish","type":"post","link":"https:\/\/zonaroja.com.mx\/?p=55102","title":{"rendered":"Celebran sentencia del Tribunal Superior de Justicia por caso Unistmo"},"content":{"rendered":"\n<p>Yuridiana Sosa\/Zona Roja.<\/p>\n\n\n\n<p>Oaxaca de Ju\u00e1rez, Oax., a 10 de mayo de 2023.- La Universidad del Istmo, Campus Ixtepec, s\u00ed viol\u00f3 los derechos humanos de una alumna y profesora, por lo que deber\u00e1 dar cumplir con la recomendaci\u00f3n emitida por la Defensor\u00eda de los Derechos Humanos del Pueblo de Oaxaca 4\/2021, sentenci\u00f3 la Sala Constitucional y Cuarta Sala Penal Colegiado del Tribunal Superior de Justicia del Estado De Oaxaca.<\/p>\n\n\n\n<p>El cuerpo colegiado confirm\u00f3 las violaciones contra ambas mujeres cometidas por la Universidad desde el a\u00f1o 2020, por lo que conden\u00f3 a la Unistmo al cumplimiento de la recomendaci\u00f3n para el restablecimiento de los derechos humanos de la alumna B.N.A.C. y la profesora M.S.M.<\/p>\n\n\n\n<p>La Red de Abogadas Ind\u00edgenas (RAI) celebr\u00f3 esta sentencia por representar un precedente sobre los casos de violencia sexual que se generan en el interior de las universidades, que por el desequilibrio de poder, el encubrimiento, la omisi\u00f3n y negligencia del personal directivo no se sanciona y casi siempre quedan impunes.<\/p>\n\n\n\n<p>A su vez, la asociaci\u00f3n civil reconoci\u00f3 la valent\u00eda de la alumna y la profesora por denunciar, resistir y no rendirse a pesar de las adversidades que enfrentaron, y que todav\u00eda enfrentan ya que este proceso legal a\u00fan no termina.<\/p>\n\n\n\n<figure class=\"wp-block-embed is-type-rich is-provider-twitter wp-block-embed-twitter\"><div class=\"wp-block-embed__wrapper\">\n<div class=\"twitter-tweet\"><blockquote class=\"twitter-tweet\" data-lang=\"es\"><p lang=\"es\" dir=\"ltr\">\ud83d\udce2\u00bfSe acuerdan del caso <a href=\"https:\/\/twitter.com\/UNISTMO_SUNEO?ref_src=twsrc%5Etfw\">@UNISTMO_SUNEO<\/a> campus Ixtepec?<br>\u2696\ufe0f\u00bfQu\u00e9 emiti\u00f3 la Sala Constitucional y la 4\u00b0Sala Penal del <a href=\"https:\/\/twitter.com\/tsjoaxaca?ref_src=twsrc%5Etfw\">@tsjoaxaca<\/a> entorno a este caso?<br>\u2696\ufe0f Est\u00e1 sentencia deja un precedente importante sobre casos de violencia sexual en las Universidades<br><br>\ud83d\udce2Ent\u00e9rate y ay\u00fadanos a RT \ud83d\udc47 <a href=\"https:\/\/t.co\/gJJmOc7Hat\">pic.twitter.com\/gJJmOc7Hat<\/a><\/p>&mdash; Red Abogadas Ind\u00edgenas, RAI-MX\ud83c\uddf2\ud83c\uddfd (@RedAbogadas) <a href=\"https:\/\/twitter.com\/RedAbogadas\/status\/1653960495874056192?ref_src=twsrc%5Etfw\">4 de mayo de 2023<\/a><\/blockquote><\/div>\n<\/div><\/figure>\n\n\n\n<p>EL ANTECEDENTE<\/p>\n\n\n\n<p>En 2021 la DDHPO emiti\u00f3 la recomendaci\u00f3n a este caso por \u201cViolaci\u00f3n a los derechos humanos de las mujeres y al debido proceso (garant\u00edas judiciales)\u201d, luego de acreditar las denuncias por abuso sexual de parte de profesores, hostigamiento, amenazas, despidos injustificados y la protecci\u00f3n a los catedr\u00e1ticos por parte de la directiva.<\/p>\n\n\n\n<p>La docente M.S.M, junto a otras y otros profesores, dieron acompa\u00f1amiento a la denuncias p\u00fablicas y penales de alumnas de la licenciatura en Derecho y de la Maestr\u00eda en Derecho de la Energ\u00eda de la Unistmo.<\/p>\n\n\n\n<p>Por lo que la Universidad despidi\u00f3 a una docente y en el caso de M.S.M sus derechos deben ser restituidos de acuerdo a la recomendaci\u00f3n.<\/p>\n\n\n\n<p>Por otra parte, por estos hechos la Fiscal\u00eda General de Oaxaca detuvo y obtuvo la vinculaci\u00f3n a proceso, en momentos diferentes, de dos profesores de la Universidad del Istmo (Unistmo) Campus Ixtepec acusados de abuso sexual con alumnas.<\/p>\n\n\n\n<p>Sin embargo, en uno de los casos, a pesar de su vinculaci\u00f3n a proceso, el docente continu\u00f3 laborando durante el segundo semestre de 2020.<\/p>\n","protected":false},"excerpt":{"rendered":"<p>Yuridiana Sosa\/Zona Roja. Oaxaca de Ju\u00e1rez, Oax., a 10 de mayo de 2023.- La Universidad&hellip;<\/p>\n","protected":false},"author":2,"featured_media":9869,"comment_status":"closed","ping_status":"open","sticky":false,"template":"","format":"standard","meta":{"_lmt_disableupdate":"","_lmt_disable":"","_jetpack_memberships_contains_paid_content":false,"footnotes":""},"categories":[109,47],"tags":[2976],"class_list":["post-55102","post","type-post","status-publish","format-standard","has-post-thumbnail","hentry","category-minuto-a-minuto","category-zona-gris","tag-universidad-del-istmo-unistmo"],"jetpack_featured_media_url":"https:\/\/zonaroja.com.mx\/wp-content\/uploads\/2020\/03\/Unistmo-Ixtepec.jpg","jetpack_sharing_enabled":true,"_links":{"self":[{"href":"https:\/\/zonaroja.com.mx\/index.php?rest_route=\/wp\/v2\/posts\/55102","targetHints":{"allow":["GET"]}}],"collection":[{"href":"https:\/\/zonaroja.com.mx\/index.php?rest_route=\/wp\/v2\/posts"}],"about":[{"href":"https:\/\/zonaroja.com.mx\/index.php?rest_route=\/wp\/v2\/types\/post"}],"author":[{"embeddable":true,"href":"https:\/\/zonaroja.com.mx\/index.php?rest_route=\/wp\/v2\/users\/2"}],"replies":[{"embeddable":true,"href":"https:\/\/zonaroja.com.mx\/index.php?rest_route=%2Fwp%2Fv2%2Fcomments&post=55102"}],"version-history":[{"count":1,"href":"https:\/\/zonaroja.com.mx\/index.php?rest_route=\/wp\/v2\/posts\/55102\/revisions"}],"predecessor-version":[{"id":55103,"href":"https:\/\/zonaroja.com.mx\/index.php?rest_route=\/wp\/v2\/posts\/55102\/revisions\/55103"}],"wp:featuredmedia":[{"embeddable":true,"href":"https:\/\/zonaroja.com.mx\/index.php?rest_route=\/wp\/v2\/media\/9869"}],"wp:attachment":[{"href":"https:\/\/zonaroja.com.mx\/index.php?rest_route=%2Fwp%2Fv2%2Fmedia&parent=55102"}],"wp:term":[{"taxonomy":"category","embeddable":true,"href":"https:\/\/zonaroja.com.mx\/index.php?rest_route=%2Fwp%2Fv2%2Fcategories&post=55102"},{"taxonomy":"post_tag","embeddable":true,"href":"https:\/\/zonaroja.com.mx\/index.php?rest_route=%2Fwp%2Fv2%2Ftags&post=55102"}],"curies":[{"name":"wp","href":"https:\/\/api.w.org\/{rel}","templated":true}]}}