{"id":55104,"date":"2023-05-10T21:51:12","date_gmt":"2023-05-11T02:51:12","guid":{"rendered":"http:\/\/www.zonaroja.com.mx\/?p=55104"},"modified":"2023-05-10T21:51:14","modified_gmt":"2023-05-11T02:51:14","slug":"promueve-gobierno-de-xoxocotlan-mejoramiento-de-la-calidad-de-vida-de-madres","status":"publish","type":"post","link":"https:\/\/zonaroja.com.mx\/?p=55104","title":{"rendered":"Promueve gobierno de Xoxocotl\u00e1n mejoramiento de la calidad de vida de madres"},"content":{"rendered":"\n<p>Redacci\u00f3n\/Zona Roja.<\/p>\n\n\n\n<p>Oaxaca de Ju\u00e1rez, Oax., a 10 de mayo de 2023.- Emotivo y alegre fue el encuentro que sostuvieron la tarde de este mi\u00e9rcoles las autoridades de Santa Cruz Xoxocotl\u00e1n y las mujeres de las ocho agencias y colonias, que se dieron cita en el parque central para disfrutar del festival del D\u00eda de la Madre.<\/p>\n\n\n\n<p>Fueron unas mil 500 mujeres las homenajeadas por el edil Inocente Castellanos Alejos y el presidente honorario DIF Municipal, Eric Enmanuel Ortiz Hern\u00e1ndez; vecinas de la comunidad que, desde temprana hora, acudieron a la cita en la que mucho cari\u00f1o el personal del gobierno municipal, las recibi\u00f3 para que disfrutaran de la celebraci\u00f3n.<\/p>\n\n\n\n<p>Al arribo del presidente municipal, \u201cChente\u201d Castellanos, el aprecio de las invitadas especiales se puso de manifiesto, y es que, a lo largo de un a\u00f1o, el trabajo desempe\u00f1ado por el mun\u00edcipe con apoyo de Eric Ortiz Hern\u00e1ndez en el DIF Municipal se ha dirigido a la b\u00fasqueda de mejores condiciones de vida para las mujeres y en especial para las jefas de familia.<\/p>\n\n\n\n<p>\u201cEstoy consciente de que para reconocerles su amor, sacrificio y la aportaci\u00f3n que como madres han hecho para que nuestra sociedad se conforme de ciudadanos con valores, merece mucho m\u00e1s que este encuentro, y para eso trabajamos diariamente, porque nos interesa que ustedes tengan una mejor calidad de vida\u201d, dijo Castellanos Alejos en su mensaje a las mam\u00e1s xoxe\u00f1as.<\/p>\n\n\n\n<figure class=\"wp-block-embed is-type-rich is-provider-twitter wp-block-embed-twitter\"><div class=\"wp-block-embed__wrapper\">\n<div class=\"twitter-tweet\"><blockquote class=\"twitter-tweet\" data-lang=\"es\"><p lang=\"es\" dir=\"ltr\">Feliz d\u00eda a todas las madres \ud83c\udf89\ud83c\udf39 <a href=\"https:\/\/t.co\/krBVG9WKW6\">pic.twitter.com\/krBVG9WKW6<\/a><\/p>&mdash; H. Ayuntamiento de Santa Cruz Xoxocotl\u00e1n (@GobXoxocotlan) <a href=\"https:\/\/twitter.com\/GobXoxocotlan\/status\/1656458606076649479?ref_src=twsrc%5Etfw\">11 de mayo de 2023<\/a><\/blockquote><\/div>\n<\/div><\/figure>\n\n\n\n<p>Agreg\u00f3, que el objetivo de su gobierno es brindar seguridad y herramientas para el empoderamiento de las mujeres, especialmente para las madres de familia que merecen la certeza de que sus hijas e hijos vivan en un municipio seguro, en pleno desarrollo y donde se logre que la comunidad conviva en paz y armon\u00eda, puntualiz\u00f3.<\/p>\n\n\n\n<p>En su momento, el presidente honorario del DIF Municipal, Eric Ortiz Hern\u00e1ndez, exalt\u00f3 el sacrificio y amor con que las madres forman a las generaciones ciudadanas, por lo que dijo que una forma de demostrar la admiraci\u00f3n y gratitud que en Xoxo se tiene por ellas, es el festejo que se les prepar\u00f3 para este Dia de las Madres.<\/p>\n\n\n\n<p>Con la sensibilidad que le caracteriza, Ortiz Hern\u00e1ndez confirm\u00f3 que el trabajo de la instituci\u00f3n que encabeza se ocupa de forma permanente, a trav\u00e9s de sus programas, a contribuir para que las condiciones de vida de ellas y sus familias sean mejores.<\/p>\n\n\n\n<p>\u201cLo hacemos, porque nos interesa que sepan que en Xoxocotl\u00e1n primero son las mujeres y m\u00e1s aquellas que son madres y jefas de familia, por eso reafirmo nuestro compromiso de seguir trabajando para construirles un mejor futuro a ustedes y sus familias\u201d, concluy\u00f3.<\/p>\n\n\n\n<p>Con m\u00fasica del grupo \u00c9pocas, las presentes, a trav\u00e9s de melod\u00edas de las d\u00e9cadas 70, 80 y 90, disfrutaron momentos inolvidables, cantaron e incluso bailaron en la fiesta donde, adem\u00e1s, se rifaron obsequios entre los que hubo enseres dom\u00e9sticos diversos y hasta lavadoras y refrigeradores.<\/p>\n","protected":false},"excerpt":{"rendered":"<p>Redacci\u00f3n\/Zona Roja. Oaxaca de Ju\u00e1rez, Oax., a 10 de mayo de 2023.- Emotivo y alegre&hellip;<\/p>\n","protected":false},"author":2,"featured_media":55105,"comment_status":"closed","ping_status":"open","sticky":false,"template":"","format":"standard","meta":{"_lmt_disableupdate":"","_lmt_disable":"","_jetpack_memberships_contains_paid_content":false,"footnotes":""},"categories":[109,46],"tags":[133],"class_list":["post-55104","post","type-post","status-publish","format-standard","has-post-thumbnail","hentry","category-minuto-a-minuto","category-zona-blanca","tag-santa-cruz-xoxocotlan"],"jetpack_featured_media_url":"https:\/\/zonaroja.com.mx\/wp-content\/uploads\/2023\/05\/Xoxocotlan-Inocente-Castellanos-madres.jpg","jetpack_sharing_enabled":true,"_links":{"self":[{"href":"https:\/\/zonaroja.com.mx\/index.php?rest_route=\/wp\/v2\/posts\/55104","targetHints":{"allow":["GET"]}}],"collection":[{"href":"https:\/\/zonaroja.com.mx\/index.php?rest_route=\/wp\/v2\/posts"}],"about":[{"href":"https:\/\/zonaroja.com.mx\/index.php?rest_route=\/wp\/v2\/types\/post"}],"author":[{"embeddable":true,"href":"https:\/\/zonaroja.com.mx\/index.php?rest_route=\/wp\/v2\/users\/2"}],"replies":[{"embeddable":true,"href":"https:\/\/zonaroja.com.mx\/index.php?rest_route=%2Fwp%2Fv2%2Fcomments&post=55104"}],"version-history":[{"count":1,"href":"https:\/\/zonaroja.com.mx\/index.php?rest_route=\/wp\/v2\/posts\/55104\/revisions"}],"predecessor-version":[{"id":55106,"href":"https:\/\/zonaroja.com.mx\/index.php?rest_route=\/wp\/v2\/posts\/55104\/revisions\/55106"}],"wp:featuredmedia":[{"embeddable":true,"href":"https:\/\/zonaroja.com.mx\/index.php?rest_route=\/wp\/v2\/media\/55105"}],"wp:attachment":[{"href":"https:\/\/zonaroja.com.mx\/index.php?rest_route=%2Fwp%2Fv2%2Fmedia&parent=55104"}],"wp:term":[{"taxonomy":"category","embeddable":true,"href":"https:\/\/zonaroja.com.mx\/index.php?rest_route=%2Fwp%2Fv2%2Fcategories&post=55104"},{"taxonomy":"post_tag","embeddable":true,"href":"https:\/\/zonaroja.com.mx\/index.php?rest_route=%2Fwp%2Fv2%2Ftags&post=55104"}],"curies":[{"name":"wp","href":"https:\/\/api.w.org\/{rel}","templated":true}]}}