{"id":55107,"date":"2023-05-10T22:15:29","date_gmt":"2023-05-11T03:15:29","guid":{"rendered":"http:\/\/www.zonaroja.com.mx\/?p=55107"},"modified":"2023-05-10T22:15:32","modified_gmt":"2023-05-11T03:15:32","slug":"opinion-gobierno-anti-ciencia","status":"publish","type":"post","link":"https:\/\/zonaroja.com.mx\/?p=55107","title":{"rendered":"Opini\u00f3n. Gobierno anti-ciencia"},"content":{"rendered":"\n<p>N\u00e9stor Y. S\u00e1nchez Islas.<\/p>\n\n\n\n<p>Entre las leyes aprobadas durante la noche negra de 29 de&nbsp;abril por el senado se encuentra la nueva Ley General de Humanidades, Ciencia, Tecnolog\u00eda&nbsp;eInnovaci\u00f3n. Fue una promesa presidencial, como lo es tambi\u00e9n el hecho de que se trata de una imposici\u00f3n autoritaria agravada&nbsp;por&nbsp;la inclusi\u00f3n del ej\u00e9rcito y la marina en su Consejo General.<\/p>\n\n\n\n<p>Este gobierno se caracteriz\u00f3 por la urgencia del presidente por demostrar&nbsp;qui\u00e9n&nbsp;manda. As\u00ed como por un lado cancel\u00f3 el nuevo aeropuerto de la Cdmx y tir\u00f3 a la basura miles de millones de pesos, tambi\u00e9n inici\u00f3 una brutal persecuci\u00f3n policiaca contra la comunidad cient\u00edfica del pa\u00eds a la que acus\u00f3 no solo de corrupta sino de delincuencia organizada, provocando un esc\u00e1ndalo que lleg\u00f3 a los foros internacionales por lo&nbsp;irracional, agresiva y est\u00fapida. El crimen de esos cient\u00edficos fue practicar una ciencia neoliberal, seg\u00fan el comit\u00e9 central que domina la 4T.<\/p>\n\n\n\n<p>El af\u00e1n reivindicatorio los llev\u00f3 a proponer para M\u00e9xico y el mundo una nueva ciencia, una antineoliberal, un invenci\u00f3n que ni la misma Ma. Elena \u00c1lvarez-Buylla puede definir. Ni ellos ni nosotros sabemos hasta el d\u00eda de hoy en que consiste,&nbsp;cu\u00e1les&nbsp;son sus metodolog\u00edas y qu\u00e9 la hace diferente.<\/p>\n\n\n\n<p>El esfuerzo legitimador del oficialismo&nbsp;se basa en convertir la ciencia en un derecho humano, uno&nbsp;m\u00e1s que el gobierno no podr\u00e1 cumplir, por lo que no pasar\u00e1 de ser solo un buen deseo. Hay otros derechos como lo son a la seguridad, a la salud o a la&nbsp;alimentaci\u00f3n&nbsp;que tambi\u00e9n forman parte del discurso, pero no de la realidad. Al modelo anterior lo se\u00f1alan de corrupto, neoliberal y elitista. Y es cierto, la pr\u00e1ctica de la ciencia es elitista porque no cualquiera tiene las habilidades intelectuales para ejercerla. El dinero no otorga lo que natura niega; las elites intelectuales poco tienen que ver con las elites econ\u00f3micas, se\u00f1or presidente.<\/p>\n\n\n\n<p>Primero, persigui\u00f3 y amenaz\u00f3 a la comunidad cient\u00edfica con c\u00e1rcel y&nbsp;luego&nbsp;el mismo gobierno persecutor los invit\u00f3 a sentarse a la mesa a dialogar. Nadie puede pensar libremente con una espada de Damocles encima de la testa, pero es justificaci\u00f3n para afirmar que se les tom\u00f3 en cuenta y que ellos no quisieron participar.<\/p>\n\n\n\n<p>La nueva ley est\u00e1 disponible en internet. Es un archivo de 128 p\u00e1ginas que cuenta con una muy larga introducci\u00f3n.<\/p>\n\n\n\n<p>Es una ley absolutamente centralista y exageradamente vertical, lo que la convierte en autoritaria. Le otorga demasiado poder al titular del Conachyt en detrimento de la voz de la comunidad. En pocas palabras: el&nbsp;que manda, manda y, s\u00ed se equivoca, vuelve a mandar. La ley ordena que las directrices de investigaci\u00f3n las defina el gobierno, lo que atenta contra la libertad de investigaci\u00f3n porque quedar\u00e1 supeditada \u00e9sta a lo que la autoridad considere relevante o estrat\u00e9gico.<\/p>\n\n\n\n<p>Dice que el Estado aportar\u00e1 fondos, pero no pone&nbsp;un tabulador. S\u00ed antes de este cambio no se invert\u00eda lo que la ley se\u00f1alaba, ahora todo quedar\u00e1 a la buena voluntad de la disposici\u00f3n presupuestaria. Basta con que el Congreso no etiquete fondos para acabarla de un plumazo.<\/p>\n\n\n\n<p>Hace una profunda discriminaci\u00f3n&nbsp;contra&nbsp;los estudiantes de&nbsp;escuelas&nbsp;privadas, como si la mala calidad de la educaci\u00f3n que otorga el Estado no&nbsp;empujara&nbsp;a las familias a buscar la educaci\u00f3n privada. Tambi\u00e9n solo apoyar\u00e1 a investigadores de instituciones p\u00fablicas, por lo que instituciones tan corruptas como la UABJO tendr\u00e1n m\u00e1s oportunidad como instituciones de excelencia como el ITAM o el TEC de Monterrey.<\/p>\n\n\n\n<p>Sin decirlo abiertamente, la nueva ley expropia la propiedad intelectual&nbsp;de las investigaciones&nbsp;por el hecho de otorgar becas sin analizar que el otorgamiento de apoyos es una obligaci\u00f3n del Estado y que el esfuerzo intelectual es&nbsp;propiedad del&nbsp;individuo. Esto es una forma perversa de desincentivar el desarrollo cient\u00edfico en aras de un supuesto beneficio de la comunidad.<\/p>\n\n\n\n<p>Lo que no suced\u00eda antes ahora est\u00e1 en la ley: el ej\u00e9rcito y la marina ser\u00e1n parte del Consejo Directivo que decidir\u00e1 que&nbsp;es relevante o prioritario&nbsp;para la ciencia.<\/p>\n\n\n\n<p>En esta \u00e9poca en que est\u00e1 probada cient\u00edficamente la disminuci\u00f3n del coeficiente intelectual de las nuevas generaciones resulta suicida crear una ley con fines ideol\u00f3gicos. No lo dice abiertamente, pero al dejar todas las decisiones en una sola persona designada por el presidente ya sabemos hacia donde llevar\u00e1n las cosas: rector\u00eda econ\u00f3mica del Estado y planificaci\u00f3n centralizada, legitimada sobre un discurso nacionalista&nbsp;y&nbsp;populista&nbsp;como lo menciona la ley en su pretensi\u00f3n de consolidar la nueva escuela mexicana basada en las&nbsp;Epistemolog\u00edas del&nbsp;Sur de Boaventura Do Sousa Santos, soci\u00f3logo&nbsp;portugu\u00e9s&nbsp;que descalifica el conocimiento occidental y la modernidad a la que hace responsable del sufrimiento global. Su receta es \u201clucha y resistencia\u201d desde el sur global: chantaje social.<\/p>\n\n\n\n<p>Me pregunto si los equipos y tratamientos m\u00e9dicos de vanguardia&nbsp;que&nbsp;aplican&nbsp;al presidente&nbsp;y su familia vienen del&nbsp;occidente asesino o del sur ancestral.<\/p>\n\n\n\n<p><a href=\"mailto:nestoryuri@yahoo.com\">nestoryuri@yahoo.com<\/a><\/p>\n","protected":false},"excerpt":{"rendered":"<p>N\u00e9stor Y. S\u00e1nchez Islas. Entre las leyes aprobadas durante la noche negra de 29 de&nbsp;abril&hellip;<\/p>\n","protected":false},"author":2,"featured_media":41861,"comment_status":"closed","ping_status":"open","sticky":false,"template":"","format":"standard","meta":{"_lmt_disableupdate":"","_lmt_disable":"","_jetpack_memberships_contains_paid_content":false,"footnotes":""},"categories":[456,109],"tags":[3050],"class_list":["post-55107","post","type-post","status-publish","format-standard","has-post-thumbnail","hentry","category-columna","category-minuto-a-minuto","tag-nestor-yuri-sanchez"],"jetpack_featured_media_url":"https:\/\/zonaroja.com.mx\/wp-content\/uploads\/2022\/05\/Opinion-Nestor-Yuri-Sanchez-Islas.jpg","jetpack_sharing_enabled":true,"_links":{"self":[{"href":"https:\/\/zonaroja.com.mx\/index.php?rest_route=\/wp\/v2\/posts\/55107","targetHints":{"allow":["GET"]}}],"collection":[{"href":"https:\/\/zonaroja.com.mx\/index.php?rest_route=\/wp\/v2\/posts"}],"about":[{"href":"https:\/\/zonaroja.com.mx\/index.php?rest_route=\/wp\/v2\/types\/post"}],"author":[{"embeddable":true,"href":"https:\/\/zonaroja.com.mx\/index.php?rest_route=\/wp\/v2\/users\/2"}],"replies":[{"embeddable":true,"href":"https:\/\/zonaroja.com.mx\/index.php?rest_route=%2Fwp%2Fv2%2Fcomments&post=55107"}],"version-history":[{"count":1,"href":"https:\/\/zonaroja.com.mx\/index.php?rest_route=\/wp\/v2\/posts\/55107\/revisions"}],"predecessor-version":[{"id":55108,"href":"https:\/\/zonaroja.com.mx\/index.php?rest_route=\/wp\/v2\/posts\/55107\/revisions\/55108"}],"wp:featuredmedia":[{"embeddable":true,"href":"https:\/\/zonaroja.com.mx\/index.php?rest_route=\/wp\/v2\/media\/41861"}],"wp:attachment":[{"href":"https:\/\/zonaroja.com.mx\/index.php?rest_route=%2Fwp%2Fv2%2Fmedia&parent=55107"}],"wp:term":[{"taxonomy":"category","embeddable":true,"href":"https:\/\/zonaroja.com.mx\/index.php?rest_route=%2Fwp%2Fv2%2Fcategories&post=55107"},{"taxonomy":"post_tag","embeddable":true,"href":"https:\/\/zonaroja.com.mx\/index.php?rest_route=%2Fwp%2Fv2%2Ftags&post=55107"}],"curies":[{"name":"wp","href":"https:\/\/api.w.org\/{rel}","templated":true}]}}