{"id":55109,"date":"2023-05-11T12:53:00","date_gmt":"2023-05-11T17:53:00","guid":{"rendered":"http:\/\/www.zonaroja.com.mx\/?p=55109"},"modified":"2023-05-11T07:27:16","modified_gmt":"2023-05-11T12:27:16","slug":"amlo-violo-ley-electoral-con-propaganda-determina-el-tepjf","status":"publish","type":"post","link":"https:\/\/zonaroja.com.mx\/?p=55109","title":{"rendered":"AMLO viol\u00f3 ley electoral con propaganda, determina el TEPJF"},"content":{"rendered":"\n<p>Redacci\u00f3n\/Zona Roja Cdmx.<\/p>\n\n\n\n<p>Ciudad de M\u00e9xico, a 11 de mayo de 2023.- Por unanimidad de votos en una sesi\u00f3n del Tribunal Electoral del Poder Judicial de la Federaci\u00f3n (TEPJF), el Presidente Andr\u00e9s Manuel L\u00f3pez Obrador (AMLO) fue hallado responsable indirecto de haber difundido propaganda del gobierno durante la veda establecida para el proceso de revocaci\u00f3n de mandato en 2022.<\/p>\n\n\n\n<p>De acuerdo con la resoluci\u00f3n de la Sala Superior del TEPJF, el mandatario federal incurri\u00f3 en este acto debido a que no impidi\u00f3 que dos funcionarios hablaran de programas gubernamentales en una de sus conferencias matutinas.<\/p>\n\n\n\n<p>Los hechos ocurrieron en la \u201cma\u00f1anera\u201d del 7 de abril de 2022. Aquel d\u00eda, V\u00edctor Manuel Villalobos Ar\u00e1mbula \u2014titular de la Secretar\u00eda de Agricultura y Desarrollo Rural\u2014 y Octavio Romero Oropeza \u2014director general de Petr\u00f3leos Mexicanos (Pemex)\u2014 hablaron sobre el avance en las acciones para la producci\u00f3n y entrega de fertilizantes.<\/p>\n\n\n\n<p>Concretamente, se refirieron a la repartici\u00f3n gratuita de 352 mil toneladas de fertilizantes para m\u00e1s de 700 mil beneficiarios en nueve entidades, as\u00ed como a los programas de rehabilitaci\u00f3n de plantas productoras con una inversi\u00f3n de 300 millones de d\u00f3lares.<\/p>\n\n\n\n<p>Ante tales declaraciones, el Partido Acci\u00f3n Nacional (PAN) y el Partido de la Revoluci\u00f3n Democr\u00e1tica (PRD) presentaron una denuncia formal en contra de Villalobos Ar\u00e1mbula y Romero Oropeza, pues consideraron que sus referencias al programa federal atentaban contra el principio de neutralidad durante el proceso de la consulta de revocaci\u00f3n de mandato, que inici\u00f3 en febrero de 2022.<\/p>\n\n\n\n<p>Los documentos oficiales del Instituto Nacional Electoral (INE) establecieron en ese entonces que \u201cdurante el tiempo que comprende el proceso de revocaci\u00f3n de mandato, desde la emisi\u00f3n de la convocatoria y hasta la conclusi\u00f3n de la jornada de votaci\u00f3n [10 de abril de 2022] deber\u00e1 suspenderse la difusi\u00f3n en los medios de comunicaci\u00f3n de toda propaganda gubernamental de cualquier orden de gobierno\u201d.<\/p>\n\n\n\n<p>En una primera sentencia, la Sala Regional Especializada del TEPJF resolvi\u00f3 que los titulares de Agricultura y Pemex, as\u00ed como la concesionaria del Sistema P\u00fablico de Radiodifusi\u00f3n del Estado Mexicano, \u201ccometieron la infracci\u00f3n denunciada\u201d, pero la Sala Superior orden\u00f3 ahondar en la investigaci\u00f3n para que se evaluara la posible responsabilidad del presidente L\u00f3pez Obrador.<\/p>\n\n\n\n<p>Ante tal instrucci\u00f3n, la Sala Regional hab\u00eda determinado que AMLO no habr\u00eda cometido ninguna infracci\u00f3n, pero reiter\u00f3 la responsabilidad del Sistema P\u00fablico de Radiodifusi\u00f3n en el incumplimiento a las normativas. No obstante, tanto la concesionaria como el PRD impugnaron esta sentencia.<\/p>\n\n\n\n<p>Fue as\u00ed que, durante una sesi\u00f3n p\u00fablica presencial el 10 de mayo de 2023, encabezada por el magistrado presidente, Reyes Rodr\u00edguez Mondrag\u00f3n, el pleno de la Sala Superior del TEPJF revoc\u00f3 la resoluci\u00f3n previa de la Sala Regional e hizo un llamado a L\u00f3pez Obrador a \u201cno difundir propaganda gubernamental y a mantener una postura neutral en las pr\u00f3ximas elecciones\u201d.<\/p>\n\n\n\n<p>Aparentemente, el titular del Ejecutivo Federal sab\u00eda de qu\u00e9 iban a hablar Villalobos Ar\u00e1mbula y Romero Oropeza en la \u201cma\u00f1anera\u201d y, pese a la veda impuesta por el INE, lo permiti\u00f3.<\/p>\n\n\n\n<p>\u201cSe determin\u00f3 que tuvo conocimiento previo de que el tema de los fertilizantes ser\u00eda abordado en la conferencia matutina y estuvo en posibilidad de asegurar que no se difundiera propaganda gubernamental, sin haberlo hecho\u201d, qued\u00f3 asentado en un documento con el que el TEPJF dio a conocer la sentencia.<\/p>\n\n\n\n<p>(Informaci\u00f3n de Infobae M\u00e9xico)<\/p>\n","protected":false},"excerpt":{"rendered":"<p>Redacci\u00f3n\/Zona Roja Cdmx. Ciudad de M\u00e9xico, a 11 de mayo de 2023.- Por unanimidad de&hellip;<\/p>\n","protected":false},"author":2,"featured_media":48937,"comment_status":"closed","ping_status":"open","sticky":false,"template":"","format":"standard","meta":{"_lmt_disableupdate":"","_lmt_disable":"","_jetpack_memberships_contains_paid_content":false,"footnotes":""},"categories":[109,47],"tags":[143],"class_list":["post-55109","post","type-post","status-publish","format-standard","has-post-thumbnail","hentry","category-minuto-a-minuto","category-zona-gris","tag-andres-manuel-lopez-obrador"],"jetpack_featured_media_url":"https:\/\/zonaroja.com.mx\/wp-content\/uploads\/2022\/12\/Conferencia-de-Prensa-Andres-Manuel-Lopez-Obrador.jpeg","jetpack_sharing_enabled":true,"_links":{"self":[{"href":"https:\/\/zonaroja.com.mx\/index.php?rest_route=\/wp\/v2\/posts\/55109","targetHints":{"allow":["GET"]}}],"collection":[{"href":"https:\/\/zonaroja.com.mx\/index.php?rest_route=\/wp\/v2\/posts"}],"about":[{"href":"https:\/\/zonaroja.com.mx\/index.php?rest_route=\/wp\/v2\/types\/post"}],"author":[{"embeddable":true,"href":"https:\/\/zonaroja.com.mx\/index.php?rest_route=\/wp\/v2\/users\/2"}],"replies":[{"embeddable":true,"href":"https:\/\/zonaroja.com.mx\/index.php?rest_route=%2Fwp%2Fv2%2Fcomments&post=55109"}],"version-history":[{"count":1,"href":"https:\/\/zonaroja.com.mx\/index.php?rest_route=\/wp\/v2\/posts\/55109\/revisions"}],"predecessor-version":[{"id":55110,"href":"https:\/\/zonaroja.com.mx\/index.php?rest_route=\/wp\/v2\/posts\/55109\/revisions\/55110"}],"wp:featuredmedia":[{"embeddable":true,"href":"https:\/\/zonaroja.com.mx\/index.php?rest_route=\/wp\/v2\/media\/48937"}],"wp:attachment":[{"href":"https:\/\/zonaroja.com.mx\/index.php?rest_route=%2Fwp%2Fv2%2Fmedia&parent=55109"}],"wp:term":[{"taxonomy":"category","embeddable":true,"href":"https:\/\/zonaroja.com.mx\/index.php?rest_route=%2Fwp%2Fv2%2Fcategories&post=55109"},{"taxonomy":"post_tag","embeddable":true,"href":"https:\/\/zonaroja.com.mx\/index.php?rest_route=%2Fwp%2Fv2%2Ftags&post=55109"}],"curies":[{"name":"wp","href":"https:\/\/api.w.org\/{rel}","templated":true}]}}