{"id":55111,"date":"2023-05-11T09:30:00","date_gmt":"2023-05-11T14:30:00","guid":{"rendered":"http:\/\/www.zonaroja.com.mx\/?p=55111"},"modified":"2023-05-11T07:39:11","modified_gmt":"2023-05-11T12:39:11","slug":"analiza-congreso-de-oaxaca-iniciativa-para-sancionar-delito-de-ejecucion-extraoficial","status":"publish","type":"post","link":"https:\/\/zonaroja.com.mx\/?p=55111","title":{"rendered":"Analiza Congreso de Oaxaca iniciativa para sancionar delito de ejecuci\u00f3n extraoficial"},"content":{"rendered":"\n<p>Redacci\u00f3n\/Zona Roja.<\/p>\n\n\n\n<p>Oaxaca de Ju\u00e1rez, Oax., a 10 de mayo de 2023.- En sesi\u00f3n ordinaria de la Diputaci\u00f3n Permanente, la legisladora Lizett Arroyo Rodr\u00edguez present\u00f3 el proyecto de decreto por el cual, en caso de ser aprobado, se adicionar\u00eda el art\u00edculo 426 del C\u00f3digo Penal del Estado Libre y Soberano de Oaxaca, para sancionar el delito de ejecuci\u00f3n extraoficial.<\/p>\n\n\n\n<p>Dicha iniciativa fue suscrita por los ciudadanos Santiago Ambrosio Hern\u00e1ndez, Sergio Miguel Luna Cruz, Elvia Rosa Cruz Cruz, Rutila Santiago Cruz, Daniel Mayoral L\u00f3pez, Mois\u00e9s Hern\u00e1ndez Garc\u00eda, Iv\u00e1n Escobar Rom\u00e1n, Uriel \u00c1ngel P\u00e9rez L\u00f3pez, Rafael Guadalupe Salazar Maldonado y Di\u00f3doro Medina Ram\u00edrez, quienes piden una sanci\u00f3n de 50 a 70 a\u00f1os de prisi\u00f3n por dicho delito.<\/p>\n\n\n\n<p>Asimismo, se turn\u00f3 a comisiones la iniciativa para adicionar al C\u00f3digo Penal para el Estado de Oaxaca, el cap\u00edtulo V denominado \u201cCohabitaci\u00f3n Forzada\u201d, para prevenir el matrimonio infantil.<\/p>\n\n\n\n<p>Por otra parte, se present\u00f3 la iniciativa para reformar el Reglamento Interior del Congreso del Estado de Oaxaca, para que en las sesiones legislativas exista un int\u00e9rprete para traducirlas de espa\u00f1ol a lenguas originarias y viceversa.<\/p>\n\n\n\n<p>Durante la sesi\u00f3n, se abordaron cuatro proyectos de decreto, mismos que fueron turnados para su estudio y dictaminaci\u00f3n a las Comisiones Permanentes de Administraci\u00f3n y Procuraci\u00f3n de Justicia y R\u00e9gimen, Reglamentos y Pr\u00e1cticas Parlamentarias, as\u00ed como cuatro puntos de acuerdo, de los cuales, uno se reserv\u00f3 para el siguiente periodo.<\/p>\n\n\n\n<p>La diputaci\u00f3n Permanente aprob\u00f3 la convocatoria al segundo periodo extraordinario de sesiones, correspondiente al segundo a\u00f1o de ejercicio legal, por el cual se cit\u00f3 a las y los integrantes de la 65 Legislatura a sesi\u00f3n extraordinaria el pr\u00f3ximo jueves 11 de mayo en punto de las 13.00 horas.<\/p>\n","protected":false},"excerpt":{"rendered":"<p>Redacci\u00f3n\/Zona Roja. Oaxaca de Ju\u00e1rez, Oax., a 10 de mayo de 2023.- En sesi\u00f3n ordinaria&hellip;<\/p>\n","protected":false},"author":2,"featured_media":55115,"comment_status":"closed","ping_status":"open","sticky":false,"template":"","format":"standard","meta":{"_lmt_disableupdate":"","_lmt_disable":"","_jetpack_memberships_contains_paid_content":false,"footnotes":""},"categories":[109,46],"tags":[2743],"class_list":["post-55111","post","type-post","status-publish","format-standard","has-post-thumbnail","hentry","category-minuto-a-minuto","category-zona-blanca","tag-65-legislatura-del-estado-de-oaxaca"],"jetpack_featured_media_url":"https:\/\/zonaroja.com.mx\/wp-content\/uploads\/2023\/05\/Sesion-Congreso-del-Estado.jpg","jetpack_sharing_enabled":true,"_links":{"self":[{"href":"https:\/\/zonaroja.com.mx\/index.php?rest_route=\/wp\/v2\/posts\/55111","targetHints":{"allow":["GET"]}}],"collection":[{"href":"https:\/\/zonaroja.com.mx\/index.php?rest_route=\/wp\/v2\/posts"}],"about":[{"href":"https:\/\/zonaroja.com.mx\/index.php?rest_route=\/wp\/v2\/types\/post"}],"author":[{"embeddable":true,"href":"https:\/\/zonaroja.com.mx\/index.php?rest_route=\/wp\/v2\/users\/2"}],"replies":[{"embeddable":true,"href":"https:\/\/zonaroja.com.mx\/index.php?rest_route=%2Fwp%2Fv2%2Fcomments&post=55111"}],"version-history":[{"count":1,"href":"https:\/\/zonaroja.com.mx\/index.php?rest_route=\/wp\/v2\/posts\/55111\/revisions"}],"predecessor-version":[{"id":55116,"href":"https:\/\/zonaroja.com.mx\/index.php?rest_route=\/wp\/v2\/posts\/55111\/revisions\/55116"}],"wp:featuredmedia":[{"embeddable":true,"href":"https:\/\/zonaroja.com.mx\/index.php?rest_route=\/wp\/v2\/media\/55115"}],"wp:attachment":[{"href":"https:\/\/zonaroja.com.mx\/index.php?rest_route=%2Fwp%2Fv2%2Fmedia&parent=55111"}],"wp:term":[{"taxonomy":"category","embeddable":true,"href":"https:\/\/zonaroja.com.mx\/index.php?rest_route=%2Fwp%2Fv2%2Fcategories&post=55111"},{"taxonomy":"post_tag","embeddable":true,"href":"https:\/\/zonaroja.com.mx\/index.php?rest_route=%2Fwp%2Fv2%2Ftags&post=55111"}],"curies":[{"name":"wp","href":"https:\/\/api.w.org\/{rel}","templated":true}]}}