{"id":55117,"date":"2023-05-11T07:45:08","date_gmt":"2023-05-11T12:45:08","guid":{"rendered":"http:\/\/www.zonaroja.com.mx\/?p=55117"},"modified":"2023-05-11T07:45:10","modified_gmt":"2023-05-11T12:45:10","slug":"juez-ordeno-a-la-fgr-investigar-a-lopez-gatell-por-mal-manejo-de-la-pandemia","status":"publish","type":"post","link":"https:\/\/zonaroja.com.mx\/?p=55117","title":{"rendered":"Juez orden\u00f3 a la FGR investigar a L\u00f3pez-Gatell, por mal manejo de la pandemia"},"content":{"rendered":"\n<p>Redacci\u00f3n\/Zona Roja Cdmx.<\/p>\n\n\n\n<p>Ciudad de M\u00e9xico, a 11 de mayo de 2023.- Un juez federal instruy\u00f3 a la Fiscal\u00eda General de la Rep\u00fablica (FGR) que se contin\u00fae la investigaci\u00f3n en contra de Hugo L\u00f3pez-Gatell, subsecretario de Prevenci\u00f3n y Promoci\u00f3n de la Salud, quien fue el encargado de la emergencia sanitaria por Covid-19 en M\u00e9xico.<\/p>\n\n\n\n<p>Y es que el juez de control del Centro de Justicia Penal Federal en el Reclusorio Sur, Arturo Medel Casquera, revoc\u00f3 la determinaci\u00f3n del Ministerio P\u00fablico Federal, que hab\u00eda decidido no ejercer acci\u00f3n penal contra el funcionario por presuntas omisiones en las que habr\u00eda incurrido durante la pandemia, teniendo un resultado material desastroso que ocasion\u00f3 la muerte de miles de mexicanos.<\/p>\n\n\n\n<p>\u201cHe mencionado algunos aspectos \u00fanicamente de manera enunciativa, m\u00e1s no limitativa, la fiscal\u00eda es la que tiene en su poder ese c\u00famulo de acciones que se han implementado y de ese c\u00famulo de acciones, pues puede consultar con expertos qu\u00e9 otra acci\u00f3n pudo haber sido eficaz o se dej\u00f3 de hacer por parte del gobierno mexicano y de sus funcionarios como en el caso del subsecretario correspondiente\u201d, se\u00f1al\u00f3 el juzgador durante una audiencia celebrada el pasado 2 de mayo.<\/p>\n\n\n\n<p>De acuerdo con el abogado Javier Coello Trejo, el 25 de noviembre de 2020 se present\u00f3 por el caso del ciudadano Felipe del Carmen Jim\u00e9nez P\u00e9rez, quien falleci\u00f3 v\u00edctima del virus por supuesta negligencia de diversas autoridades.<\/p>\n\n\n\n<p>Ah\u00ed se detall\u00f3 que el llamado \u201czar del coronavirus\u201d no cumpli\u00f3 con sus obligaciones como encargado de controlar la enfermedad en el pa\u00eds.<\/p>\n\n\n\n<p>\u201cReiteramos que seguiremos por la v\u00eda jur\u00eddica, reclamando justicia para los miles de v\u00edctimas indirectas que, por la falta de deber de cuidado, negligencia, falsos informes dados a la poblaci\u00f3n, haber ocultado ante la naci\u00f3n la realidad de lo que esta epidemia causar\u00eda, responsabilidad que recae, en quien por ley ten\u00eda la obligaci\u00f3n de preverlo y el deber de cuidar la salud de los mexicanos\u201d, se lee en un comunicado que comparti\u00f3 este mi\u00e9rcoles.<\/p>\n\n\n\n<p>De acuerdo con \u201cMilenio\u201d, el asunto se turn\u00f3 al agente del MP Federal, quien se abstuvo de seguir con la indagatoria. Sin embargo, el acuerdo fue impugnado ante un juez de control, pero confirm\u00f3 la resoluci\u00f3n ministerial.<\/p>\n\n\n\n<p>Por ello, la familia de Jim\u00e9nez P\u00e9rez promovi\u00f3 un amparo, en primera instancia se les neg\u00f3 la protecci\u00f3n de la justicia. En la revisi\u00f3n, el S\u00e9ptimo Tribunal Colegiado en Materia Penal lo concedi\u00f3, motivo por el cual se tuvo que llevar a cabo una nueva audiencia, donde se dio la orden de iniciar la investigaci\u00f3n.<\/p>\n\n\n\n<p>Cabe mencionar que el despacho de Coello Trejo present\u00f3 dos demandas al respecto, en representaci\u00f3n de dos de sus empleados: un abogado y una administrativa, cuyo esposo y padre fallecieron por COVID-19.<\/p>\n\n\n\n<p>Este 9 de mayo, el presidente Andr\u00e9s Manuel L\u00f3pez Obrador firm\u00f3 un decreto que pone fin a la emergencia sanitaria de la COVID-19 en el pa\u00eds, iniciada el 23 de marzo de 2020, una decisi\u00f3n que lleg\u00f3 cuatro d\u00edas despu\u00e9s de que la Organizaci\u00f3n Mundial de la Salud (OMS) hizo lo propio.<\/p>\n\n\n\n<p>La pandemia por el coronavirus ha dejado en M\u00e9xico alrededor de 334 mil muertes y m\u00e1s de siete millones de contagios desde su inicio, seg\u00fan las cifras del Consejo Nacional de Ciencia y Tecnolog\u00eda (Conacyt).<\/p>\n\n\n\n<p>La enfermedad ha mantenido una tendencia clara de descenso en el pa\u00eds gracias a los altos niveles de vacunaci\u00f3n.<\/p>\n\n\n\n<p>L\u00f3pez-Gatell ha apuntado a que el Ejecutivo dar\u00e1 inicio a un plan a largo plazo para enfrentar el coronavirus, una enfermedad que se mantendr\u00e1 en estado \u201cend\u00e9mico\u201d; es decir, que se mantendr\u00e1 de forma habitual en el pa\u00eds.<\/p>\n\n\n\n<p>(Informaci\u00f3n de Infobae M\u00e9xico)<\/p>\n","protected":false},"excerpt":{"rendered":"<p>Redacci\u00f3n\/Zona Roja Cdmx. Ciudad de M\u00e9xico, a 11 de mayo de 2023.- Un juez federal&hellip;<\/p>\n","protected":false},"author":2,"featured_media":15709,"comment_status":"closed","ping_status":"open","sticky":false,"template":"","format":"standard","meta":{"_lmt_disableupdate":"","_lmt_disable":"","_jetpack_memberships_contains_paid_content":false,"footnotes":""},"categories":[109,47],"tags":[1874],"class_list":["post-55117","post","type-post","status-publish","format-standard","has-post-thumbnail","hentry","category-minuto-a-minuto","category-zona-gris","tag-hugo-lopez-gatell"],"jetpack_featured_media_url":"https:\/\/zonaroja.com.mx\/wp-content\/uploads\/2020\/08\/Hugo-L\u00f3pez-Gatell.jpg","jetpack_sharing_enabled":true,"_links":{"self":[{"href":"https:\/\/zonaroja.com.mx\/index.php?rest_route=\/wp\/v2\/posts\/55117","targetHints":{"allow":["GET"]}}],"collection":[{"href":"https:\/\/zonaroja.com.mx\/index.php?rest_route=\/wp\/v2\/posts"}],"about":[{"href":"https:\/\/zonaroja.com.mx\/index.php?rest_route=\/wp\/v2\/types\/post"}],"author":[{"embeddable":true,"href":"https:\/\/zonaroja.com.mx\/index.php?rest_route=\/wp\/v2\/users\/2"}],"replies":[{"embeddable":true,"href":"https:\/\/zonaroja.com.mx\/index.php?rest_route=%2Fwp%2Fv2%2Fcomments&post=55117"}],"version-history":[{"count":1,"href":"https:\/\/zonaroja.com.mx\/index.php?rest_route=\/wp\/v2\/posts\/55117\/revisions"}],"predecessor-version":[{"id":55118,"href":"https:\/\/zonaroja.com.mx\/index.php?rest_route=\/wp\/v2\/posts\/55117\/revisions\/55118"}],"wp:featuredmedia":[{"embeddable":true,"href":"https:\/\/zonaroja.com.mx\/index.php?rest_route=\/wp\/v2\/media\/15709"}],"wp:attachment":[{"href":"https:\/\/zonaroja.com.mx\/index.php?rest_route=%2Fwp%2Fv2%2Fmedia&parent=55117"}],"wp:term":[{"taxonomy":"category","embeddable":true,"href":"https:\/\/zonaroja.com.mx\/index.php?rest_route=%2Fwp%2Fv2%2Fcategories&post=55117"},{"taxonomy":"post_tag","embeddable":true,"href":"https:\/\/zonaroja.com.mx\/index.php?rest_route=%2Fwp%2Fv2%2Ftags&post=55117"}],"curies":[{"name":"wp","href":"https:\/\/api.w.org\/{rel}","templated":true}]}}