{"id":5512,"date":"2019-11-07T09:55:04","date_gmt":"2019-11-07T15:55:04","guid":{"rendered":"http:\/\/www.zonaroja.com.mx\/?p=5512"},"modified":"2019-11-07T09:55:07","modified_gmt":"2019-11-07T15:55:07","slug":"trabajadoras-afiliadas-al-stpeidceo-en-el-istmo-denuncia-violencia-en-su-contra","status":"publish","type":"post","link":"https:\/\/zonaroja.com.mx\/?p=5512","title":{"rendered":"Trabajadoras afiliadas al STPEIDCEO en el Istmo denuncia violencia en su contra"},"content":{"rendered":"\n<p>Redacci\u00f3n\/Zona Roja.<\/p>\n\n\n\n<p>Oaxaca de Ju\u00e1rez, Oax., 7 de noviembre\nde 2019.- Ana Let Mart\u00ednez S\u00e1nchez, afiliada al Sindicato de Trabajadores de\nlos Poderes del Estado e Instituciones Descentralizadas de Car\u00e1cter Estatal de\nOaxaca (STPEIDCEO), reiter\u00f3 su denuncia p\u00fablica en contra de la ex dirigente\nsindical Patricia Gabriela Morales Santiago, ya que su caso, pese a hacerlo de\nconocimiento de la Fiscal\u00eda General del Estado, permanece en la impunidad.<\/p>\n\n\n\n<p>En conferencia de prensa la joven mujer\nque labora en Juchit\u00e1n de Zaragoza asegur\u00f3 que la denuncia por golpes en su\ncontra contin\u00faa y en esta ocasi\u00f3n acudi\u00f3 al sindicato para que el comit\u00e9\nejecutivo intervenga, ya que la acusada presuntamente ha movido sus contactos\npara que la denuncia ante la Fiscal\u00eda no prospere.<\/p>\n\n\n\n<p>\u201cLa denuncia sigue, tan es as\u00ed que hoy\ndaremos continuidad pero ante el sindicato. No sabr\u00eda decirle si la Fiscal\u00eda\nest\u00e1 investigando o no, yo s\u00f3lo s\u00e9 que la se\u00f1ora ha movido sus contactos para\nque la denuncia se quede ah\u00ed\u201d, dijo.<\/p>\n\n\n\n<p>Al respecto Jos\u00e9 Francisco Cruz, afiliado\ntambi\u00e9n al STPEIDCEO, reforz\u00f3 las declaraciones de su compa\u00f1ero y asegur\u00f3 que\nPatricia Gabriela Morales Santiago ha vejado a varios empleados por lo que\npidi\u00f3 a la dirigencia sindical que cesen las agresiones y violencia contra\nellos.<\/p>\n\n\n\n<p>Asegur\u00f3 que son 11 trabajadores, los\nque incluso ya se declararon independientes del sindicato, quienes est\u00e1n\nsolicitando el cese de la violencia al interior de los centros de trabajo, que\ntermine el acoso y hostigamiento que vive la base trabajadora.<\/p>\n\n\n\n<p>\u201cNo concebimos un sindicato, un comit\u00e9\nque este respaldando a personas que ejercen la violencia en contra de los\nderechos de las compa\u00f1eras y de la base trabajadora, queremos que se apliquen\nlos estatutos y se termine con estas pr\u00e1cticas\u201d, dijo.<\/p>\n\n\n\n<p>En este mismo sentido detall\u00f3 que no es\nla primera vez que sufren vejaciones ya que les han arrebatado los apoyos de\nuniformes, prestaciones, becas y hasta recursos econ\u00f3micos, lo cual ya era\nnecesario decirlo y levantar la voz, por lo que insistieron en solicitar la\nintervenci\u00f3n del sindicato para que aplique la ley.<\/p>\n\n\n\n<p>Fue al interior de la tradicional Vela\nde los bur\u00f3cratas en Juchit\u00e1n de Zaragoza, para celebrar el d\u00eda del empleado,\nque Ana Let Mart\u00ednez S\u00e1nchez fue atacada por Patricia Gabriela Morales Santiago\ny Karla Patricia \u00c1ngel Morales, madre e hija respectivamente, quienes en\npresunto estado de ebriedad la golpearon.<\/p>\n\n\n\n<p>Por lo anterior, el 26 de octubre\ninterpuso la denuncia penal ante la Fiscal\u00eda General del Estado de Oaxaca,\nquien abri\u00f3 la carpeta de investigaci\u00f3n 37310\/FIST\/CODDI-JUCHITAN\/2019, sin que\nhasta el momento se haya registrado alg\u00fan tipo de avance al respecto.<\/p>\n","protected":false},"excerpt":{"rendered":"<p>Redacci\u00f3n\/Zona Roja. Oaxaca de Ju\u00e1rez, Oax., 7 de noviembre de 2019.- Ana Let Mart\u00ednez S\u00e1nchez,&hellip;<\/p>\n","protected":false},"author":2,"featured_media":5513,"comment_status":"closed","ping_status":"open","sticky":false,"template":"","format":"standard","meta":{"_lmt_disableupdate":"","_lmt_disable":"","_jetpack_memberships_contains_paid_content":false,"footnotes":""},"categories":[109,47],"tags":[973,972],"class_list":["post-5512","post","type-post","status-publish","format-standard","has-post-thumbnail","hentry","category-minuto-a-minuto","category-zona-gris","tag-ana-let-martinez-sanchez","tag-stpeidceo"],"jetpack_featured_media_url":"https:\/\/zonaroja.com.mx\/wp-content\/uploads\/2019\/11\/IMG_5817.jpg","jetpack_sharing_enabled":true,"_links":{"self":[{"href":"https:\/\/zonaroja.com.mx\/index.php?rest_route=\/wp\/v2\/posts\/5512","targetHints":{"allow":["GET"]}}],"collection":[{"href":"https:\/\/zonaroja.com.mx\/index.php?rest_route=\/wp\/v2\/posts"}],"about":[{"href":"https:\/\/zonaroja.com.mx\/index.php?rest_route=\/wp\/v2\/types\/post"}],"author":[{"embeddable":true,"href":"https:\/\/zonaroja.com.mx\/index.php?rest_route=\/wp\/v2\/users\/2"}],"replies":[{"embeddable":true,"href":"https:\/\/zonaroja.com.mx\/index.php?rest_route=%2Fwp%2Fv2%2Fcomments&post=5512"}],"version-history":[{"count":1,"href":"https:\/\/zonaroja.com.mx\/index.php?rest_route=\/wp\/v2\/posts\/5512\/revisions"}],"predecessor-version":[{"id":5514,"href":"https:\/\/zonaroja.com.mx\/index.php?rest_route=\/wp\/v2\/posts\/5512\/revisions\/5514"}],"wp:featuredmedia":[{"embeddable":true,"href":"https:\/\/zonaroja.com.mx\/index.php?rest_route=\/wp\/v2\/media\/5513"}],"wp:attachment":[{"href":"https:\/\/zonaroja.com.mx\/index.php?rest_route=%2Fwp%2Fv2%2Fmedia&parent=5512"}],"wp:term":[{"taxonomy":"category","embeddable":true,"href":"https:\/\/zonaroja.com.mx\/index.php?rest_route=%2Fwp%2Fv2%2Fcategories&post=5512"},{"taxonomy":"post_tag","embeddable":true,"href":"https:\/\/zonaroja.com.mx\/index.php?rest_route=%2Fwp%2Fv2%2Ftags&post=5512"}],"curies":[{"name":"wp","href":"https:\/\/api.w.org\/{rel}","templated":true}]}}