{"id":55122,"date":"2023-05-11T15:24:00","date_gmt":"2023-05-11T20:24:00","guid":{"rendered":"http:\/\/www.zonaroja.com.mx\/?p=55122"},"modified":"2023-05-11T08:40:04","modified_gmt":"2023-05-11T13:40:04","slug":"opinion-si-no-te-preocupan-los-medios-dejalos-trabajar","status":"publish","type":"post","link":"https:\/\/zonaroja.com.mx\/?p=55122","title":{"rendered":"Opini\u00f3n. Si no te preocupan los medios, d\u00e9jalos trabajar"},"content":{"rendered":"\n<p>Horacio Corro Espinosa*&nbsp;<\/p>\n\n\n\n<p>Los medios de comunicaci\u00f3n desempe\u00f1an un papel importante en la sociedad, pues permiten a los ciudadanos obtener informaci\u00f3n necesaria para elegir durante los procesos electorales y para evaluar el desempe\u00f1o de su gobierno.&nbsp;<\/p>\n\n\n\n<p>El papel de los medios&nbsp;informativos&nbsp;no es para satisfacer a los pol\u00edticos, sino proporcionar informaci\u00f3n objetiva y veraz a la sociedad.&nbsp;<\/p>\n\n\n\n<p>Por ello, los medios no deben ser influenciados por los pol\u00edticos, ya que esto podr\u00eda comprometer su funci\u00f3n de informar de manera&nbsp;neutral y completa.<\/p>\n\n\n\n<p>El lunes de esta semana, casi al concluir su conferencia matutina semanal, el gobernante&nbsp;del Estado, Salom\u00f3n Jara, dijo no preocuparle ni la Garrapata ni Zona Roja, ya que publican todos los d\u00edas informaci\u00f3n en contra de su&nbsp;gobierno. Aparentemente no, pero las palabras del gobernador amenazan la libertad de prensa y a la democracia.<\/p>\n\n\n\n<p>Despu\u00e9s de que el director de la agencia de noticias&nbsp;Zona Roja, Ismael Garc\u00eda, publicar en&nbsp;Twitter: \u201c\u00bfqu\u00e9 har\u00e9 para complacer a la 4T y a nuestro se\u00f1or Gobernador?\u201d Se soltaron los troles afines al gobierno para amenazarlo&nbsp;en la misma red social: \u201cUn d\u00eda si le va a preocupar, tiempo al tiempo\u2026 Va a mirar tigres, gallos y toros, se le va a borrar la sonrisa!!\u201d. Esto es una amenaza muy grave contra el periodista.<\/p>\n\n\n\n<p>Lo que ha hecho el Gobernador del Estado, en reiteradas ocasiones, es poner en&nbsp;peligro&nbsp;a&nbsp;los comunicadores, pues nunca faltan los acomedidos quienes agreden, secuestran, torturan, detienen arbitrariamente y acosan a estos profesionales de la pluma, situaci\u00f3n que pasa inadvertida para los funcionarios p\u00fablicos.&nbsp;<\/p>\n\n\n\n<p>Tambi\u00e9n, las agresiones pueden incluir la destrucci\u00f3n o robo de equipo, lo que afecta econ\u00f3micamente a los comunicadores, quienes en muchas ocasiones trabajan con sus&nbsp;propios&nbsp;aparatos&nbsp;y bajo su propio riesgo.<\/p>\n\n\n\n<p>Las palabras del gobernador Salom\u00f3n Jara ponen en riesgo&nbsp;a&nbsp;los periodistas, principalmente a aquellos medios informativos libres, independientes y plurales en los \u00e1mbitos de la prensa y en Internet.<\/p>\n\n\n\n<p>Posiblemente el gobernador y muchos de sus funcionarios desconozcan que los medios serios contribuyen al fortalecimiento de la libertad de expresi\u00f3n, pero tambi\u00e9n luchan por la paz, el desarrollo sostenible, la erradicaci\u00f3n de la pobreza y el respeto a los derechos humanos. Sin embargo, esto parece que le incomoda al gobernador.<\/p>\n\n\n\n<p>Cuando los pol\u00edticos dicen no preocuparles lo que los medios de comunicaci\u00f3n digan sobre su gobierno, es una muestra de que el funcionario busca periodistas a&nbsp;modo para que lo maquillen, pero esto, en realidad, es no respetar la libertad de prensa.<\/p>\n\n\n\n<p>Si al gobernador&nbsp;no le preocupan los medios, entonces, debe dejarlos trabajar.<\/p>\n\n\n\n<p>Mi solidaridad con el compa\u00f1ero Ismael Garc\u00eda.<\/p>\n\n\n\n<p>&nbsp;*Periodista.<\/p>\n\n\n\n<figure class=\"wp-block-embed is-type-wp-embed is-provider-porsihacefalta wp-block-embed-porsihacefalta\"><div class=\"wp-block-embed__wrapper\">\n<blockquote class=\"wp-embedded-content\" data-secret=\"AVLHHeCSfr\"><a href=\"https:\/\/porsihacefalta.com\/\">vCard<\/a><\/blockquote><iframe class=\"wp-embedded-content\" sandbox=\"allow-scripts\" security=\"restricted\" style=\"position: absolute; clip: rect(1px, 1px, 1px, 1px);\" title=\"\u00abvCard\u00bb \u2014 PorSiHaceFalta\" src=\"https:\/\/porsihacefalta.com\/embed\/#?secret=TInOliKFrx#?secret=AVLHHeCSfr\" data-secret=\"AVLHHeCSfr\" width=\"600\" height=\"338\" frameborder=\"0\" marginwidth=\"0\" marginheight=\"0\" scrolling=\"no\"><\/iframe>\n<\/div><\/figure>\n","protected":false},"excerpt":{"rendered":"<p>Horacio Corro Espinosa*&nbsp; Los medios de comunicaci\u00f3n desempe\u00f1an un papel importante en la sociedad, pues&hellip;<\/p>\n","protected":false},"author":2,"featured_media":6707,"comment_status":"closed","ping_status":"open","sticky":false,"template":"","format":"standard","meta":{"_lmt_disableupdate":"","_lmt_disable":"","_jetpack_memberships_contains_paid_content":false,"footnotes":""},"categories":[456,109],"tags":[3537],"class_list":["post-55122","post","type-post","status-publish","format-standard","has-post-thumbnail","hentry","category-columna","category-minuto-a-minuto","tag-horacio-corro-espinosa"],"jetpack_featured_media_url":"https:\/\/zonaroja.com.mx\/wp-content\/uploads\/2019\/12\/Violencia-periodistas.jpg","jetpack_sharing_enabled":true,"_links":{"self":[{"href":"https:\/\/zonaroja.com.mx\/index.php?rest_route=\/wp\/v2\/posts\/55122","targetHints":{"allow":["GET"]}}],"collection":[{"href":"https:\/\/zonaroja.com.mx\/index.php?rest_route=\/wp\/v2\/posts"}],"about":[{"href":"https:\/\/zonaroja.com.mx\/index.php?rest_route=\/wp\/v2\/types\/post"}],"author":[{"embeddable":true,"href":"https:\/\/zonaroja.com.mx\/index.php?rest_route=\/wp\/v2\/users\/2"}],"replies":[{"embeddable":true,"href":"https:\/\/zonaroja.com.mx\/index.php?rest_route=%2Fwp%2Fv2%2Fcomments&post=55122"}],"version-history":[{"count":1,"href":"https:\/\/zonaroja.com.mx\/index.php?rest_route=\/wp\/v2\/posts\/55122\/revisions"}],"predecessor-version":[{"id":55123,"href":"https:\/\/zonaroja.com.mx\/index.php?rest_route=\/wp\/v2\/posts\/55122\/revisions\/55123"}],"wp:featuredmedia":[{"embeddable":true,"href":"https:\/\/zonaroja.com.mx\/index.php?rest_route=\/wp\/v2\/media\/6707"}],"wp:attachment":[{"href":"https:\/\/zonaroja.com.mx\/index.php?rest_route=%2Fwp%2Fv2%2Fmedia&parent=55122"}],"wp:term":[{"taxonomy":"category","embeddable":true,"href":"https:\/\/zonaroja.com.mx\/index.php?rest_route=%2Fwp%2Fv2%2Fcategories&post=55122"},{"taxonomy":"post_tag","embeddable":true,"href":"https:\/\/zonaroja.com.mx\/index.php?rest_route=%2Fwp%2Fv2%2Ftags&post=55122"}],"curies":[{"name":"wp","href":"https:\/\/api.w.org\/{rel}","templated":true}]}}