{"id":55124,"date":"2023-05-11T11:30:00","date_gmt":"2023-05-11T16:30:00","guid":{"rendered":"http:\/\/www.zonaroja.com.mx\/?p=55124"},"modified":"2023-05-11T08:58:37","modified_gmt":"2023-05-11T13:58:37","slug":"pide-consorcio-oaxaca-a-gobierno-no-estigmatizar-a-periodistas","status":"publish","type":"post","link":"https:\/\/zonaroja.com.mx\/?p=55124","title":{"rendered":"Pide Consorcio Oaxaca a gobierno no estigmatizar a periodistas"},"content":{"rendered":"\n<p>Redacci\u00f3n\/Zona Roja.<\/p>\n\n\n\n<p>Oaxaca de Ju\u00e1rez, Oax., a 11 de mayo de 2023.- La asociaci\u00f3n civil Consorcio Oaxaca urgi\u00f3 al gobierno de Salom\u00f3n Jara Cruz a escuchar, atender las diversas voces de la ciudadan\u00eda y garantizar con ello la libertad de expresi\u00f3n como un derecho humano en Oaxaca, entidad federativa que registra el quinto lugar con mayores asesinatos de periodistas y el segundo estado con mayores asesinatos de personas defensoras.<\/p>\n\n\n\n<p>En un comunicado, detall\u00f3 que, de acuerdo con cifras de la Secretar\u00eda de Gobernaci\u00f3n (Segob), Oaxaca ocupa el segundo lugar a nivel nacional de personas defensoras y periodistas incorporadas en el Mecanismo de Protecci\u00f3n de esa dependencia federal, con un total de 155 personas incorporadas; 131 personas defensoras y 24 periodistas.<\/p>\n\n\n\n<p>Al respecto, el a\u00f1o pasado, el titular de la Unidad para la Defensa de los Derechos Humanos de la Segob, Enrique Irazoque Palazuelos, y la Defensor\u00eda de los Derechos Humanos del Pueblo de Oaxaca (DDHPO), respaldaron una iniciativa de reformas legales para la protecci\u00f3n de periodistas y personas defensoras de derechos humanos presentada por organizaciones civiles del estado.<\/p>\n\n\n\n<p>\u201cEn ese sentido, frente al grave contexto de violencia que atraviesa Oaxaca, rechazamos la estigmatizaci\u00f3n de personas periodistas que el Gobierno del Estado de Oaxaca emprende a trav\u00e9s de diversos espacios oficiales de difusi\u00f3n.<\/p>\n\n\n\n<p>\u201cCondenamos que desde la administraci\u00f3n estatal se hagan se\u00f1alamientos p\u00fablicos que vulneran el ejercicio period\u00edstico y coloquen en una situaci\u00f3n de riesgo a las personas periodistas al ser susceptibles de sufrir una agresi\u00f3n\u201d, indic\u00f3 en su comunicado.<\/p>\n","protected":false},"excerpt":{"rendered":"<p>Redacci\u00f3n\/Zona Roja. Oaxaca de Ju\u00e1rez, Oax., a 11 de mayo de 2023.- La asociaci\u00f3n civil&hellip;<\/p>\n","protected":false},"author":2,"featured_media":48177,"comment_status":"closed","ping_status":"open","sticky":false,"template":"","format":"standard","meta":{"_lmt_disableupdate":"","_lmt_disable":"","_jetpack_memberships_contains_paid_content":false,"footnotes":""},"categories":[109,46],"tags":[548],"class_list":["post-55124","post","type-post","status-publish","format-standard","has-post-thumbnail","hentry","category-minuto-a-minuto","category-zona-blanca","tag-consorcio-oaxaca"],"jetpack_featured_media_url":"https:\/\/zonaroja.com.mx\/wp-content\/uploads\/2022\/11\/prensa-4.jpg","jetpack_sharing_enabled":true,"_links":{"self":[{"href":"https:\/\/zonaroja.com.mx\/index.php?rest_route=\/wp\/v2\/posts\/55124","targetHints":{"allow":["GET"]}}],"collection":[{"href":"https:\/\/zonaroja.com.mx\/index.php?rest_route=\/wp\/v2\/posts"}],"about":[{"href":"https:\/\/zonaroja.com.mx\/index.php?rest_route=\/wp\/v2\/types\/post"}],"author":[{"embeddable":true,"href":"https:\/\/zonaroja.com.mx\/index.php?rest_route=\/wp\/v2\/users\/2"}],"replies":[{"embeddable":true,"href":"https:\/\/zonaroja.com.mx\/index.php?rest_route=%2Fwp%2Fv2%2Fcomments&post=55124"}],"version-history":[{"count":1,"href":"https:\/\/zonaroja.com.mx\/index.php?rest_route=\/wp\/v2\/posts\/55124\/revisions"}],"predecessor-version":[{"id":55125,"href":"https:\/\/zonaroja.com.mx\/index.php?rest_route=\/wp\/v2\/posts\/55124\/revisions\/55125"}],"wp:featuredmedia":[{"embeddable":true,"href":"https:\/\/zonaroja.com.mx\/index.php?rest_route=\/wp\/v2\/media\/48177"}],"wp:attachment":[{"href":"https:\/\/zonaroja.com.mx\/index.php?rest_route=%2Fwp%2Fv2%2Fmedia&parent=55124"}],"wp:term":[{"taxonomy":"category","embeddable":true,"href":"https:\/\/zonaroja.com.mx\/index.php?rest_route=%2Fwp%2Fv2%2Fcategories&post=55124"},{"taxonomy":"post_tag","embeddable":true,"href":"https:\/\/zonaroja.com.mx\/index.php?rest_route=%2Fwp%2Fv2%2Ftags&post=55124"}],"curies":[{"name":"wp","href":"https:\/\/api.w.org\/{rel}","templated":true}]}}